{"id":288176,"date":"2026-09-02T15:29:19","date_gmt":"2026-09-02T15:29:19","guid":{"rendered":"https:\/\/www.europesays.com\/ch-fr\/288176\/"},"modified":"2026-09-02T15:29:19","modified_gmt":"2026-09-02T15:29:19","slug":"champions-hockey-league-des-demain-gotteron-en-position-de-force-davos-et-geneve-face-a-quatre-champions","status":"publish","type":"post","link":"https:\/\/www.europesays.com\/ch-fr\/288176\/","title":{"rendered":"CHAMPIONS HOCKEY LEAGUE &#8211; D\u00e8s demain, Gott\u00e9ron en position de force, Davos et Gen\u00e8ve face \u00e0&#8230; quatre champions!"},"content":{"rendered":"<p class=\"wp-block-paragraph\">La saison r\u00e9guli\u00e8re de National League n\u2019a pas encore d\u00e9but\u00e9 que trois clubs suisses vont d\u00e9j\u00e0 devoir se mesurer \u00e0 l\u2019Europe. Fribourg-Gott\u00e9ron, le HC Davos et Gen\u00e8ve-Servette entreront cette semaine en lice en Champions Hockey League, avec des ambitions et surtout des calendriers tr\u00e8s diff\u00e9rents. Sur le papier, les Dragons semblent disposer de la voie la plus d\u00e9gag\u00e9e vers la phase \u00e0 \u00e9limination directe. Pour Davos et Gen\u00e8ve, en revanche, le moindre faux pas pourrait rapidement compliquer l\u2019\u00e9quation. Le format actuel de la Champions Hockey League ne laisse plus beaucoup de place aux calculs \u00e0 long terme. Les vingt-quatre \u00e9quipes engag\u00e9es disputent six rencontres, avant d\u2019\u00eatre r\u00e9unies dans un classement unique. Les 16 meilleures formations d\u00e9crochent ensuite leur billet pour la phase \u00e0 \u00e9limination directe. Jusqu\u2019ici, neuf points ont toujours suffi pour int\u00e9grer le Top 16. Mais le pr\u00e9c\u00e9dent Bremerhaven, qualifi\u00e9 avec seulement sept unit\u00e9s gr\u00e2ce \u00e0 un meilleur bilan dans les crit\u00e8res de d\u00e9partage, d\u00e9montre \u00e9galement que chaque victoire peut peser lourd. En cas d\u2019\u00e9galit\u00e9, le nombre de victoires acquises dans le temps r\u00e9glementaire constitue le premier crit\u00e8re. Viennent ensuite le total de victoires, la diff\u00e9rence de buts, le nombre de buts marqu\u00e9s, puis les performances \u00e0 l\u2019ext\u00e9rieur. Autrement dit, il ne s\u2019agira pas uniquement d\u2019accumuler des points. Il faudra aussi gagner au bon moment et, si possible, \u00e9viter de laisser filer des matches qui pourraient avoir une influence sur le classement final.<\/p>\n<p>Fribourg-Gott\u00e9ron avec le meilleur tirage<\/p>\n<p class=\"wp-block-paragraph\">Les Fribourgeois abordent cette campagne dans une situation particuli\u00e8re. Pour la premi\u00e8re fois de son histoire, le club participera \u00e0 la comp\u00e9tition en tant que champion de Suisse en titre. Un statut qui a son importance. Gr\u00e2ce \u00e0 son meilleur positionnement au moment du tirage, Gott\u00e9ron a h\u00e9rit\u00e9 d\u2019un programme qui semble plus favorable que ceux de ses deux compatriotes. Les hommes de Roger R\u00f6nnberg d\u00e9buteront leur campagne par deux d\u00e9placements en Autriche, face aux Graz99ers puis au KAC Klagenfurt. La suite les verra accueillir deux adversaires qui devraient constituer les principaux obstacles de cette premi\u00e8re phase: Adler Mannheim et le HC Pilsen. Le programme se terminera ensuite par une r\u00e9ception du HK Nitra et un d\u00e9placement au Danemark pour y affronter les Herning Blue Fox. <\/p>\n<p class=\"wp-block-paragraph\">Sur le papier, Fribourg poss\u00e8de donc un double avantage: une \u00e9quipe ambitieuse et plusieurs adversaires directs re\u00e7us \u00e0 la BCF Arena. Dans ces conditions, une qualification pour la phase \u00e0 \u00e9limination directe ne serait pas seulement envisageable. Elle devrait \u00eatre consid\u00e9r\u00e9e comme l\u2019objectif minimal. Si les Dragons parviennent \u00e0 confirmer leur statut de champion de Suisse, ils ont les moyens de terminer tr\u00e8s haut au classement de la ligue. Une r\u00e9colte de l\u2019ordre de 15 points et une place parmi les toutes meilleures \u00e9quipes de cette premi\u00e8re phase seraient loin d\u2019\u00eatre irr\u00e9alistes.<\/p>\n<p>Gen\u00e8ve, un retour europ\u00e9en sous haute pression<\/p>\n<p class=\"wp-block-paragraph\">Gen\u00e8ve-Servette sait toutefois mieux que quiconque qu\u2019une campagne europ\u00e9enne peut rapidement prendre une dimension particuli\u00e8re. Les Grenat restent en effet le premier club suisse \u00e0 avoir remport\u00e9 la Champions Hockey League depuis la nouvelle formule de la comp\u00e9tition. En 2024, les Genevois avaient inscrit leur nom au palmar\u00e8s en s\u2019imposant 3-2 en finale face \u00e0 Skellefte\u00e5. Deux ans plus tard, les deux \u00e9quipes vont de nouveau se retrouver. Le d\u00e9placement chez le champion de Su\u00e8de, pr\u00e9vu le 10 septembre, sera l\u2019un des rendez-vous majeurs de la campagne genevoise. Et il ne sera pas le seul. Avant cela, Gen\u00e8ve recevra les Eisb\u00e4ren Berlin et Storhamar Hamar. Les hommes de Sam Hallam se d\u00e9placeront ensuite chez le GKS Tychy, avant un second voyage en Su\u00e8de pour y d\u00e9fier les V\u00e4xj\u00f6 Lakers. Les K\u00f6lner Haie viendront enfin aux Vernets pour conclure cette premi\u00e8re phase. Le programme est particuli\u00e8rement relev\u00e9. Skellefte\u00e5 arrive avec son statut de champion de Su\u00e8de, Berlin comme champion d\u2019Allemagne, Storhamar comme champion de Norv\u00e8ge et Tychy comme champion de Pologne. Gen\u00e8ve affrontera donc quatre champions nationaux en six rencontres.<\/p>\n<p class=\"wp-block-paragraph\">La marge d\u2019erreur sera r\u00e9duite, m\u00eame si le potentiel de l\u2019effectif genevois permet de croire \u00e0 une qualification. Les deux rencontres face \u00e0 Storhamar et Tychy pourraient rapidement prendre une importance capitale. Avec six points dans ces deux matches, les Grenat se placeraient id\u00e9alement avant d\u2019aller chercher les unit\u00e9s n\u00e9cessaires face \u00e0 des adversaires plus prestigieux. Une campagne \u00e0 dix points semble constituer une projection cr\u00e9dible et devrait permettre au GSHC de viser une place aux alentours du Top 16, avec une qualification pour les huiti\u00e8mes de finale comme objectif parfaitement r\u00e9aliste.<\/p>\n<p>Davos, un calendrier presque identique \u00e0 celui de Gen\u00e8ve<\/p>\n<p class=\"wp-block-paragraph\">Le HC Davos ne sera pas beaucoup mieux loti. Les Grisons retrouvent la Champions Hockey League pour la premi\u00e8re fois depuis la saison 2022\/23. Lors de leur derni\u00e8re participation, ils avaient termin\u00e9 deuxi\u00e8mes de leur groupe derri\u00e8re Skellefte\u00e5 avant de tomber en huiti\u00e8mes de finale face \u00e0 Tappara Tampere, futur vainqueur de la comp\u00e9tition. Cette fois, le HCD d\u00e9couvrira le nouveau format de la ligue unique avec un programme particuli\u00e8rement dense. Les hommes de Josh Holden commenceront \u00e0 domicile face \u00e0 Storhamar puis aux Eisb\u00e4ren Berlin. Ils prendront ensuite la direction de la Pologne pour y affronter le GKS Tychy, avant de poursuivre leur voyage vers la Su\u00e8de et Skellefte\u00e5. Au mois d\u2019octobre, Davos devra encore se rendre chez R\u00f6gle avant de terminer sa phase de ligue \u00e0 domicile contre les B\u00edl\u00ed Tyg\u0159i Liberec.<\/p>\n<p class=\"wp-block-paragraph\">Comme Gen\u00e8ve, Davos affrontera donc Berlin, Tychy, Skellefte\u00e5 et Storhamar. Mais son programme comporte \u00e9galement un d\u00e9placement d\u00e9licat chez R\u00f6gle, finaliste du championnat de Su\u00e8de, ainsi qu\u2019un match contre Liberec, troisi\u00e8me de la saison r\u00e9guli\u00e8re tch\u00e8que.Le d\u00e9fi est immense, mais le HCD poss\u00e8de suffisamment de qualit\u00e9 pour s\u2019en sortir. L\u00e0 aussi, les matches face \u00e0 Storhamar et Tychy pourraient constituer la base de toute la campagne. Si les Grisons parviennent \u00e0 prendre les six points esp\u00e9r\u00e9s contre ces deux adversaires, ils auront alors de solides arguments pour aller chercher leur qualification face aux autres \u00e9quipes du calendrier. Avec une projection autour de onze points, Davos pourrait raisonnablement viser une place dans le Top 10 de cette premi\u00e8re phase.<\/p>\n","protected":false},"excerpt":{"rendered":"La saison r\u00e9guli\u00e8re de National League n\u2019a pas encore d\u00e9but\u00e9 que trois clubs suisses vont d\u00e9j\u00e0 devoir se&hellip;\n","protected":false},"author":2,"featured_media":288177,"comment_status":"","ping_status":"","sticky":false,"template":"","format":"standard","meta":{"footnotes":"","_share_on_mastodon":"0"},"categories":[17],"tags":[24680,2010,211,170,169,2413,6909,23,62656,109,2256],"class_list":["post-288176","post","type-post","status-publish","format-standard","has-post-thumbnail","category-geneve","tag-chl","tag-davos","tag-fribourg","tag-geneva","tag-geneve","tag-presentation","tag-programme","tag-suisse","tag-tirage","tag-une","tag-zoug"],"share_on_mastodon":{"url":"https:\/\/pubeurope.com\/@ch_fr\/117202161737676381","error":""},"_links":{"self":[{"href":"https:\/\/www.europesays.com\/ch-fr\/wp-json\/wp\/v2\/posts\/288176","targetHints":{"allow":["GET"]}}],"collection":[{"href":"https:\/\/www.europesays.com\/ch-fr\/wp-json\/wp\/v2\/posts"}],"about":[{"href":"https:\/\/www.europesays.com\/ch-fr\/wp-json\/wp\/v2\/types\/post"}],"author":[{"embeddable":true,"href":"https:\/\/www.europesays.com\/ch-fr\/wp-json\/wp\/v2\/users\/2"}],"replies":[{"embeddable":true,"href":"https:\/\/www.europesays.com\/ch-fr\/wp-json\/wp\/v2\/comments?post=288176"}],"version-history":[{"count":0,"href":"https:\/\/www.europesays.com\/ch-fr\/wp-json\/wp\/v2\/posts\/288176\/revisions"}],"wp:featuredmedia":[{"embeddable":true,"href":"https:\/\/www.europesays.com\/ch-fr\/wp-json\/wp\/v2\/media\/288177"}],"wp:attachment":[{"href":"https:\/\/www.europesays.com\/ch-fr\/wp-json\/wp\/v2\/media?parent=288176"}],"wp:term":[{"taxonomy":"category","embeddable":true,"href":"https:\/\/www.europesays.com\/ch-fr\/wp-json\/wp\/v2\/categories?post=288176"},{"taxonomy":"post_tag","embeddable":true,"href":"https:\/\/www.europesays.com\/ch-fr\/wp-json\/wp\/v2\/tags?post=288176"}],"curies":[{"name":"wp","href":"https:\/\/api.w.org\/{rel}","templated":true}]}}