{"id":288178,"date":"2026-09-02T15:31:12","date_gmt":"2026-09-02T15:31:12","guid":{"rendered":"https:\/\/www.europesays.com\/ch-fr\/288178\/"},"modified":"2026-09-02T15:31:12","modified_gmt":"2026-09-02T15:31:12","slug":"etats-unis-lionel-richie-hospitalise-en-soins-intensifs-apres-une-alerte-sur-scene","status":"publish","type":"post","link":"https:\/\/www.europesays.com\/ch-fr\/288178\/","title":{"rendered":"\u00c9tats-Unis. Lionel Richie hospitalis\u00e9 en soins intensifs apr\u00e8s une alerte sur sc\u00e8ne"},"content":{"rendered":"<p>Lionel Richie reste hospitalis\u00e9 ce mercredi \u00e0 Saint-Louis, dans l&rsquo;\u00c9tat am\u00e9ricain du Missouri. Selon\u00a0<a href=\"https:\/\/www.tmz.com\/2026\/09\/01\/lionel-richie-hospitalization-update\/\" target=\"_blank\" rel=\"nofollow noopener\">TMZ<\/a>, le chanteur de 77 ans se trouve toujours en soins intensifs, o\u00f9 il doit subir des examens cardiaques. Son \u00e9tat serait toutefois suffisamment rassurant pour qu\u2019une sortie de l\u2019h\u00f4pital soit envisag\u00e9e dans la journ\u00e9e.<\/p>\n<p>La l\u00e9gende de la soul avait \u00e9t\u00e9 admise dans un \u00e9tablissement de sant\u00e9 apr\u00e8s son concert donn\u00e9 dans un amphith\u00e9\u00e2tre en plein air de Saint-Louis, le 30 ao\u00fbt. D\u2019apr\u00e8s les premi\u00e8res informations, les m\u00e9decins soup\u00e7onnaient notamment une l\u00e9g\u00e8re d\u00e9shydratation. Durant sa prestation, Lionel Richie avait sembl\u00e9 affaibli. Pour interpr\u00e9ter le dernier morceau de la soir\u00e9e, son c\u00e9l\u00e8bre All Night Long, le chanteur avait demand\u00e9 \u00e0 son \u00e9quipe de lui apporter un si\u00e8ge afin de terminer le concert assis. Une fois le spectacle termin\u00e9, l&rsquo;artiste s&rsquo;\u00e9tait rendu de lui-m\u00eame \u00e0 l&rsquo;h\u00f4pital afin d&rsquo;y passer des examens.<\/p>\n<p>Ce contenu est bloqu\u00e9 car vous n&rsquo;avez pas accept\u00e9 les cookies et autres traceurs.<\/p>\n<p>En cliquant sur \u00ab J\u2019accepte \u00bb, les cookies et autres traceurs seront d\u00e9pos\u00e9s et vous pourrez visualiser les contenus  (<a href=\"\" class=\"consentModule_policy\" target=\"_blank\" title=\"Consulter la politique de protection des donn\u00e9es du fournisseur\">plus d&rsquo;informations<\/a>).<\/p>\n<p>En cliquant sur \u00ab J\u2019accepte tous les cookies \u00bb, vous autorisez des d\u00e9p\u00f4ts de cookies et autres traceurs pour le stockage de vos donn\u00e9es sur nos sites et applications \u00e0 des fins de personnalisation et de ciblage publicitaire.<\/p>\n<p class=\"consentModule_secondaryText\">Vous gardez la possibilit\u00e9 de retirer votre consentement \u00e0 tout moment en consultant notre <a href=\"https:\/\/www.ledauphine.com\/protection-des-donnees\" target=\"_blank\" title=\"Consulter notre politique de protection des donn\u00e9es\" rel=\"nofollow noopener\">politique de protection des donn\u00e9es<\/a>. <br \/>&#13;<br \/>\n            <a href=\"https:\/\/www.ledauphine.com\/culture-loisirs\/2026\/09\/02\/javascript:Didomi.notice.show()\" class=\"consentModule_cmp\" rel=\"nofollow noopener\" target=\"_blank\">G\u00e9rer mes choix<\/a>&#13;\n        <\/p>\n<p>&#13;<br \/>\n                        J&rsquo;accepte&#13;<br \/>\n            J&rsquo;accepte tous les cookies&#13;\n        <\/p>\n<p>  Plusieurs malaises<\/p>\n<p>Cette hospitalisation intervient apr\u00e8s plusieurs alertes de sant\u00e9 survenues ces derniers mois. En juin, Lionel Richie avait d\u00e9j\u00e0 \u00e9t\u00e9 contraint d&rsquo;interrompre un concert \u00e0 Saint Paul, dans le Minnesota, apr\u00e8s avoir \u00e9t\u00e9 pris de vertiges. Il avait alors \u00e9t\u00e9 transport\u00e9 \u00e0 l&rsquo;h\u00f4pital puis annul\u00e9 deux dates de sa tourn\u00e9e. Quelques jours plus t\u00f4t, le 24 juin, le chanteur avait \u00e9galement fait un malaise en plein concert et avait d\u00fb quitter la sc\u00e8ne avant la fin de sa prestation. Les deux concerts suivants, pr\u00e9vus \u00e0 Chicago puis Columbus, avaient \u00e9t\u00e9 report\u00e9s sur recommandation de ses m\u00e9decins.\u00a0<\/p>\n<p>Lionel Richie doit encore assurer une dizaine de dates, ainsi qu&rsquo;une r\u00e9sidence de six concerts \u00e0 Las Vegas, entre octobre et novembre. Une date suppl\u00e9mentaire est \u00e9galement pr\u00e9vue le 19 d\u00e9cembre \u00e0 S\u00e3o Paulo, au Br\u00e9sil.<\/p>\n","protected":false},"excerpt":{"rendered":"Lionel Richie reste hospitalis\u00e9 ce mercredi \u00e0 Saint-Louis, dans l&rsquo;\u00c9tat am\u00e9ricain du Missouri. Selon\u00a0TMZ, le chanteur de 77&hellip;\n","protected":false},"author":2,"featured_media":288179,"comment_status":"","ping_status":"","sticky":false,"template":"","format":"standard","meta":{"footnotes":"","_share_on_mastodon":"0"},"categories":[15],"tags":[158,157,663,113,112,297,91,141,159,754,23],"class_list":["post-288178","post","type-post","status-publish","format-standard","has-post-thumbnail","category-people","tag-celebrities","tag-celebrity","tag-culture-loisirs","tag-divertissement","tag-entertainment","tag-fil-info","tag-france-monde","tag-musique","tag-people","tag-selection-de-la-redaction","tag-suisse"],"share_on_mastodon":{"url":"https:\/\/pubeurope.com\/@ch_fr\/117202169639429680","error":""},"_links":{"self":[{"href":"https:\/\/www.europesays.com\/ch-fr\/wp-json\/wp\/v2\/posts\/288178","targetHints":{"allow":["GET"]}}],"collection":[{"href":"https:\/\/www.europesays.com\/ch-fr\/wp-json\/wp\/v2\/posts"}],"about":[{"href":"https:\/\/www.europesays.com\/ch-fr\/wp-json\/wp\/v2\/types\/post"}],"author":[{"embeddable":true,"href":"https:\/\/www.europesays.com\/ch-fr\/wp-json\/wp\/v2\/users\/2"}],"replies":[{"embeddable":true,"href":"https:\/\/www.europesays.com\/ch-fr\/wp-json\/wp\/v2\/comments?post=288178"}],"version-history":[{"count":0,"href":"https:\/\/www.europesays.com\/ch-fr\/wp-json\/wp\/v2\/posts\/288178\/revisions"}],"wp:featuredmedia":[{"embeddable":true,"href":"https:\/\/www.europesays.com\/ch-fr\/wp-json\/wp\/v2\/media\/288179"}],"wp:attachment":[{"href":"https:\/\/www.europesays.com\/ch-fr\/wp-json\/wp\/v2\/media?parent=288178"}],"wp:term":[{"taxonomy":"category","embeddable":true,"href":"https:\/\/www.europesays.com\/ch-fr\/wp-json\/wp\/v2\/categories?post=288178"},{"taxonomy":"post_tag","embeddable":true,"href":"https:\/\/www.europesays.com\/ch-fr\/wp-json\/wp\/v2\/tags?post=288178"}],"curies":[{"name":"wp","href":"https:\/\/api.w.org\/{rel}","templated":true}]}}