{"id":288256,"date":"2026-09-02T16:18:17","date_gmt":"2026-09-02T16:18:17","guid":{"rendered":"https:\/\/www.europesays.com\/ch-fr\/288256\/"},"modified":"2026-09-02T16:18:17","modified_gmt":"2026-09-02T16:18:17","slug":"les-collaborateurs-de-letat-de-vaud-auront-bientot-leur-propre-intelligence-artificielle-generative","status":"publish","type":"post","link":"https:\/\/www.europesays.com\/ch-fr\/288256\/","title":{"rendered":"Les collaborateurs de l\u2019Etat de Vaud auront bient\u00f4t leur propre intelligence artificielle g\u00e9n\u00e9rative"},"content":{"rendered":"<p>T\u00e9l\u00e9charger un formulaire, l\u2019imprimer, le remplir, puis le renvoyer: en 2026, certaines d\u00e9marches en ligne de l\u2019Etat de Vaud sont encore archa\u00efques. Le canton promet d\u00e9sormais d\u2019en finir avec cette num\u00e9risation de fa\u00e7ade. Pr\u00e9sent\u00e9e mercredi par Val\u00e9rie Dittli, cette nouvelle strat\u00e9gie doit faire passer l\u2019administration d\u2019une logique de \u00abdigitalisation\u00bb des proc\u00e9dures existantes \u00e0 des services con\u00e7us d\u00e8s le d\u00e9part pour \u00eatre accomplis en ligne.<\/p>\n<p>Le changement prendra notamment la forme d\u2019un nouveau portail, mon.vd.ch. Le site institutionnel <a href=\"http:\/\/vd.ch\" rel=\"nofollow noopener\" target=\"_blank\">vd.ch<\/a> subsistera, mais les prestations administratives seront progressivement r\u00e9unies sur cette seconde plateforme. Le but? Que les usagers puissent effectuer une d\u00e9marche de bout en bout, suivre son avancement et retrouver leurs \u00e9changes avec les services cantonaux.<\/p>\n","protected":false},"excerpt":{"rendered":"T\u00e9l\u00e9charger un formulaire, l\u2019imprimer, le remplir, puis le renvoyer: en 2026, certaines d\u00e9marches en ligne de l\u2019Etat de&hellip;\n","protected":false},"author":2,"featured_media":288257,"comment_status":"","ping_status":"","sticky":false,"template":"","format":"standard","meta":{"footnotes":"","_share_on_mastodon":"0"},"categories":[3],"tags":[2018,323,174,23,3749],"class_list":["post-288256","post","type-post","status-publish","format-standard","has-post-thumbnail","category-suisse","tag-cyber","tag-intelligence-artificielle","tag-premium","tag-suisse","tag-valerie-dittli"],"share_on_mastodon":{"url":"https:\/\/pubeurope.com\/@ch_fr\/117202354449419224","error":""},"_links":{"self":[{"href":"https:\/\/www.europesays.com\/ch-fr\/wp-json\/wp\/v2\/posts\/288256","targetHints":{"allow":["GET"]}}],"collection":[{"href":"https:\/\/www.europesays.com\/ch-fr\/wp-json\/wp\/v2\/posts"}],"about":[{"href":"https:\/\/www.europesays.com\/ch-fr\/wp-json\/wp\/v2\/types\/post"}],"author":[{"embeddable":true,"href":"https:\/\/www.europesays.com\/ch-fr\/wp-json\/wp\/v2\/users\/2"}],"replies":[{"embeddable":true,"href":"https:\/\/www.europesays.com\/ch-fr\/wp-json\/wp\/v2\/comments?post=288256"}],"version-history":[{"count":0,"href":"https:\/\/www.europesays.com\/ch-fr\/wp-json\/wp\/v2\/posts\/288256\/revisions"}],"wp:featuredmedia":[{"embeddable":true,"href":"https:\/\/www.europesays.com\/ch-fr\/wp-json\/wp\/v2\/media\/288257"}],"wp:attachment":[{"href":"https:\/\/www.europesays.com\/ch-fr\/wp-json\/wp\/v2\/media?parent=288256"}],"wp:term":[{"taxonomy":"category","embeddable":true,"href":"https:\/\/www.europesays.com\/ch-fr\/wp-json\/wp\/v2\/categories?post=288256"},{"taxonomy":"post_tag","embeddable":true,"href":"https:\/\/www.europesays.com\/ch-fr\/wp-json\/wp\/v2\/tags?post=288256"}],"curies":[{"name":"wp","href":"https:\/\/api.w.org\/{rel}","templated":true}]}}