{"id":288260,"date":"2026-09-02T16:20:38","date_gmt":"2026-09-02T16:20:38","guid":{"rendered":"https:\/\/www.europesays.com\/ch-fr\/288260\/"},"modified":"2026-09-02T16:20:38","modified_gmt":"2026-09-02T16:20:38","slug":"berne-daniels-serkins-deja-de-retour-dans-la-capitale","status":"publish","type":"post","link":"https:\/\/www.europesays.com\/ch-fr\/288260\/","title":{"rendered":"BERNE &#8211; Daniels Serkins d\u00e9j\u00e0 de retour dans la capitale"},"content":{"rendered":"<p class=\"wp-block-paragraph\">Pr\u00eat\u00e9 \u00e0 l\u2019EHC Olten \u00e0 la mi-ao\u00fbt avec une licence B, <a href=\"https:\/\/planetehockey.com\/player\/daniels-serkins\/\" rel=\"nofollow noopener\" target=\"_blank\">Daniels Serkins<\/a> est d\u00e9j\u00e0 de retour au SC Bern. Le club de la capitale avait initialement envoy\u00e9 le jeune Letton de 18 ans, aux c\u00f4t\u00e9s de Kimo Bont et Levin Moser, en Swiss League afin qu\u2019il puisse accumuler du temps de jeu. Mais l\u2019aventure soleuroise aura \u00e9t\u00e9 de courte dur\u00e9e. Apr\u00e8s seulement deux semaines, Olten a annonc\u00e9 la fin du pr\u00eat d\u2019un commun accord avec le SC Bern, dans l\u2019optique de favoriser au mieux le d\u00e9veloppement du joueur. Serkins figurait mardi dans l\u2019alignement du\u2026 EHC Basel, adversaire d\u2019Olten lors d\u2019un match de pr\u00e9paration remport\u00e9 3-1 par les Soleurois. Le jeune attaquant conna\u00eet d\u00e9j\u00e0 bien le club rh\u00e9nan puisqu\u2019il y avait disput\u00e9 neuf rencontres de Swiss League la saison derni\u00e8re, inscrivant une assistance.<\/p>\n<p class=\"wp-block-paragraph\">La question reste d\u00e9sormais de savoir o\u00f9 Serkins poursuivra sa progression cette saison. <\/p>\n","protected":false},"excerpt":{"rendered":"Pr\u00eat\u00e9 \u00e0 l\u2019EHC Olten \u00e0 la mi-ao\u00fbt avec une licence B, Daniels Serkins est d\u00e9j\u00e0 de retour au&hellip;\n","protected":false},"author":2,"featured_media":288261,"comment_status":"","ping_status":"","sticky":false,"template":"","format":"standard","meta":{"footnotes":"","_share_on_mastodon":"0"},"categories":[20],"tags":[175,193,192,57572,669,7957,30574,7958,23],"class_list":["post-288260","post","type-post","status-publish","format-standard","has-post-thumbnail","category-berne","tag-bale","tag-bern","tag-berne","tag-daniels-serkins","tag-formation","tag-licence-b","tag-olten","tag-pret","tag-suisse"],"share_on_mastodon":{"url":"https:\/\/pubeurope.com\/@ch_fr\/117202362331903134","error":""},"_links":{"self":[{"href":"https:\/\/www.europesays.com\/ch-fr\/wp-json\/wp\/v2\/posts\/288260","targetHints":{"allow":["GET"]}}],"collection":[{"href":"https:\/\/www.europesays.com\/ch-fr\/wp-json\/wp\/v2\/posts"}],"about":[{"href":"https:\/\/www.europesays.com\/ch-fr\/wp-json\/wp\/v2\/types\/post"}],"author":[{"embeddable":true,"href":"https:\/\/www.europesays.com\/ch-fr\/wp-json\/wp\/v2\/users\/2"}],"replies":[{"embeddable":true,"href":"https:\/\/www.europesays.com\/ch-fr\/wp-json\/wp\/v2\/comments?post=288260"}],"version-history":[{"count":0,"href":"https:\/\/www.europesays.com\/ch-fr\/wp-json\/wp\/v2\/posts\/288260\/revisions"}],"wp:featuredmedia":[{"embeddable":true,"href":"https:\/\/www.europesays.com\/ch-fr\/wp-json\/wp\/v2\/media\/288261"}],"wp:attachment":[{"href":"https:\/\/www.europesays.com\/ch-fr\/wp-json\/wp\/v2\/media?parent=288260"}],"wp:term":[{"taxonomy":"category","embeddable":true,"href":"https:\/\/www.europesays.com\/ch-fr\/wp-json\/wp\/v2\/categories?post=288260"},{"taxonomy":"post_tag","embeddable":true,"href":"https:\/\/www.europesays.com\/ch-fr\/wp-json\/wp\/v2\/tags?post=288260"}],"curies":[{"name":"wp","href":"https:\/\/api.w.org\/{rel}","templated":true}]}}