{"id":288326,"date":"2026-09-02T17:03:09","date_gmt":"2026-09-02T17:03:09","guid":{"rendered":"https:\/\/www.europesays.com\/ch-fr\/288326\/"},"modified":"2026-09-02T17:03:09","modified_gmt":"2026-09-02T17:03:09","slug":"la-mostra-de-venise-deroule-le-tapis-rouge-a-george-clooney-mais-pas-aux-realisatrices-02-09-2026-a-1653","status":"publish","type":"post","link":"https:\/\/www.europesays.com\/ch-fr\/288326\/","title":{"rendered":"La Mostra de Venise d\u00e9roule le tapis rouge \u00e0 George Clooney&#8230; mais pas aux r\u00e9alisatrices &#8211; 02\/09\/2026 \u00e0 16:53"},"content":{"rendered":"<p>        <img decoding=\"async\" src=\"https:\/\/www.europesays.com\/ch-fr\/wp-content\/uploads\/2026\/09\/0d26502291bd1a64926191fdcd3afffe-760x507.jpg\" alt=\"L'acteur am\u00e9ricano-fran\u00e7ais George Clooney sur le tapis rouge de la Mostra de Venise, en Italie, le 28 ao\u00fbt 2025 ( AFP \/ Stefano RELLANDINI )\" loading=\"eager\" fetchpriority=\"high\" width=\"760\" height=\"507\" style=\"max-width: 100%!important; height: auto;\"\/><\/p>\n<p class=\"c-image-news__legend\">L&rsquo;acteur am\u00e9ricano-fran\u00e7ais George Clooney sur le tapis rouge de la Mostra de Venise, en Italie, le 28 ao\u00fbt 2025 ( AFP \/ Stefano RELLANDINI )<\/p>\n<p>\n La 83e \u00e9dition de la Mostra de cin\u00e9ma de Venise s&rsquo;est ouverte mercredi sur la question br\u00fblante du manque de r\u00e9alisatrices en lice, point\u00e9 du doigt par la pr\u00e9sidente du jury Maggie Gyllenhaal, tandis que George Clooney, \u00e0 qui sera remis dans la soir\u00e9e un prix pour l&rsquo;ensemble de sa carri\u00e8re, a vivement critiqu\u00e9 le gouvernement am\u00e9ricain, dirig\u00e9 par les \u00ab\u00a0personnes les moins qualifi\u00e9es\u00a0\u00bb.\n<\/p>\n<p>\n Parmi les 21 films en lice pour le prestigieux Lion d&rsquo;or \u00e0 Venise cette ann\u00e9e, seuls deux &#8211; dont un co-r\u00e9alis\u00e9 avec un homme et ajout\u00e9 tardivement \u00e0 la s\u00e9lection &#8211; ont \u00e9t\u00e9 mis en sc\u00e8ne par des femmes.\n<\/p>\n<p>\n \u00ab\u00a0Je suppose qu\u2019il est d\u00e9sormais clair une bonne fois pour toutes que les hommes font de meilleurs films que les femmes\u00a0\u00bb, a ironis\u00e9 l&rsquo;actrice et r\u00e9alisatrice am\u00e9ricaine Maggie Gyllenhaal, apr\u00e8s que le directeur artistique de la Mostra, Alberto Barbera, se soit justifi\u00e9 en juillet, avan\u00e7ant que la qualit\u00e9 des films r\u00e9alis\u00e9s par des femmes pr\u00e9sent\u00e9s au comit\u00e9 de s\u00e9lection du festival n&rsquo;avait pas permis de les programmer.\n<\/p>\n<p>\n \u00ab\u00a0Il y a \u00e9videmment un probl\u00e8me syst\u00e9mique. Je pense vraiment qu&rsquo;il est beaucoup plus difficile pour les femmes de faire financer leurs films\u00a0\u00bb, a-t-elle ajout\u00e9 lors d&rsquo;une conf\u00e9rence de presse en pr\u00e9sence d&rsquo;Alberto Barbera.\n<\/p>\n<p>\n Rare repr\u00e9sentant d&rsquo;Hollywood dans un festival qui fait cette ann\u00e9e la part belle aux films ind\u00e9pendants, George Clooney a d\u00e9clar\u00e9 aux journalistes qu&rsquo;il avait \u00ab\u00a0beaucoup d\u2019affection\u00a0\u00bb pour la Mostra de Venise, qui doit honorer dans la soir\u00e9e sa longue carri\u00e8re d&rsquo;acteur, r\u00e9alisateur et producteur.\n<\/p>\n<p>\n La m\u00e9gastar de 65 ans a \u00e9galement fustig\u00e9 l&rsquo;administration Trump, estimant que les Etats-Unis \u00e9taient actuellement une \u00ab\u00a0kakistocratie\u00a0\u00bb, soit \u00ab\u00a0un pays dirig\u00e9 par les personnes les moins qualifi\u00e9es\u00a0\u00bb.\n<\/p>\n<p>\n Si le plus ancien festival de cin\u00e9ma au monde &#8211; pourtant consid\u00e9r\u00e9 comme une rampe de lancement pour les Oscars &#8211; manque de blockbusters cette ann\u00e9e, plusieurs films sont consacr\u00e9s \u00e0 des figures charismatiques, \u00e0 l&rsquo;instar d&rsquo;Elon Musk, du fondateur de la marque Diesel Renzo Rosso &#8211; dans le premier long-m\u00e9trage italien enti\u00e8rement r\u00e9alis\u00e9 gr\u00e2ce \u00e0 l&rsquo;intelligence atificielle &#8211; ou encore des fr\u00e8res Gallagher du groupe Oasis.\n<\/p>\n<p>\n En ouverture du festival mercredi soir sera projet\u00e9 \u00ab\u00a0Ink\u00a0\u00bb, film retra\u00e7ant l&rsquo;histoire du tablo\u00efd anglais The Sun et de son propri\u00e9taire Rupert Murdoch.\n<\/p>\n<p>\n Robert Pattinson incarnera lui un pr\u00e9sentateur t\u00e9l\u00e9 sans scrupule dans \u00ab\u00a0Primetime\u00a0\u00bb, inspir\u00e9 par Chris Hansen, le cr\u00e9ateur du programme \u00ab\u00a0To Catch a Predator\u00a0\u00bb.\n<\/p>\n<p> Pol\u00e9mique en Ukraine<\/p>\n<p>\n Se d\u00e9roulant jusqu&rsquo;au 12 septembre, la Mostra propose une s\u00e9lection solide de productions ind\u00e9pendantes, dont le seul documentaire en comp\u00e9tition officielle, \u00ab\u00a0Naza\u00a0\u00bb, des r\u00e9alisateurs isra\u00e9liens oscaris\u00e9s Yuval Abraham et Rachel Szor, qui d\u00e9voile \u00ab\u00a0les syst\u00e8mes derri\u00e8re le massacre calcul\u00e9 de civils palestiniens \u00e0 Gaza par Isra\u00ebl\u00a0\u00bb.\n<\/p>\n<p>\n D&rsquo;autres documentaires sur le conflit isra\u00e9lo-palestinien seront pr\u00e9sent\u00e9s hors comp\u00e9tition, \u00e0 l&rsquo;instar de \u00ab\u00a0Citizen Osama\u00a0\u00bb, sur un photojournaliste \u00e0 Gaza, et de \u00ab\u00a0Road to Jericho\u00a0\u00bb de l&rsquo;Isra\u00e9lien Amos Gitai.\n<\/p>\n<p>\n \u00ab\u00a0Il n&rsquo;y a pas moins de quatre films qui abordent la question palestinienne et la situation actuelle en Iran, et il ne peut donc y avoir aucun doute sur notre position par rapport \u00e0 ce sujet\u00a0\u00bb, a soulign\u00e9 mardi aupr\u00e8s de l&rsquo;AFP Alberto Barbera, dont le festival a \u00e9t\u00e9 critiqu\u00e9 l&rsquo;an dernier par un collectif pour son manque d&rsquo;engagement en faveur de la cause palestinienne.\n<\/p>\n<p>\n Tanc\u00e9 pour la quasi absence de femmes r\u00e9alisatrices en comp\u00e9tition, \u00e0 part Rachel Szor et la danoise May El-Toukhy, la Mostra a aussi essuy\u00e9 des critiques pour avoir programm\u00e9 \u00ab\u00a0Dau\u00a0\u00bb, du r\u00e9alisateur Ilya Khrzhanovsky.\n<\/p>\n<p>\n Ce film, consacr\u00e9 \u00e0 la vie du prix Nobel de physique Lev Landau, p\u00e8re de la bombe atomique sovi\u00e9tique, est entour\u00e9 d&rsquo;une aura de scandale pour ses conditions de tournage jug\u00e9es d\u00e9gradantes, notamment pour les actrices, entre 2008 et 2011 \u00e0 Kharkiv en Ukraine.\n<\/p>\n<p>\n Le minist\u00e8re de la Culture ukrainien a \u00e9galement d\u00e9nonc\u00e9 un projet li\u00e9 \u00e0 des int\u00e9r\u00eats russes et des oligarques. La Mostra a d\u00e9fendu le film, en insistant sur le statut d&rsquo;exil\u00e9 de son r\u00e9alisateur, un opposant politique de longue date \u00e0 Vladimir Poutine qui a renonc\u00e9 \u00e0 sa nationalit\u00e9 russe.\n<\/p>\n<p> Films fran\u00e7ais \u00e0 l&rsquo;honneur<\/p>\n<p>\n Si les grandes avant-premi\u00e8res hollywoodiennes seront largement absentes, une tendance d\u00e9j\u00e0 observ\u00e9e \u00e0 Berlin et Cannes, le documentaire \u00ab\u00a0Don&rsquo;t Look Back in Anger\u00a0\u00bb produit par Disney sera toutefois pr\u00e9sent\u00e9 hors comp\u00e9tition.\n<\/p>\n<p>\n Le film retrace la tourn\u00e9e de retour l&rsquo;an dernier du mythique groupe de britpop Oasis form\u00e9 des fr\u00e8res Liam et Noel Gallagher, lesquels devraient \u00eatre pr\u00e9sents sur le tapis rouge samedi.\n<\/p>\n<p>        <img decoding=\"async\" src=\"https:\/\/www.europesays.com\/ch-fr\/wp-content\/uploads\/2026\/09\/6e30a02331fcb7cb3dc65b804998f253-760x507.jpg\" alt=\"Des festivaliers campent sur le Lido devant le tapis rouge de la Mostra de Venise, en Italie, le 1er septembre 2026 ( AFP \/ Stefano RELLANDINI )\" loading=\"eager\" fetchpriority=\"high\" width=\"760\" height=\"507\" style=\"max-width: 100%!important; height: auto;\"\/><\/p>\n<p class=\"c-image-news__legend\">Des festivaliers campent sur le Lido devant le tapis rouge de la Mostra de Venise, en Italie, le 1er septembre 2026 ( AFP \/ Stefano RELLANDINI )<\/p>\n<p>\n En revanche, une place de choix est accord\u00e9e cette ann\u00e9e par la Mostra au cin\u00e9ma fran\u00e7ais avec quatre longs-m\u00e9trages en lice.\n<\/p>\n<p>\n Florian Zeller (\u00ab\u00a0Father\u00a0\u00bb) est tr\u00e8s attendu avec son thriller \u00ab\u00a0Bunker\u00a0\u00bb mettant en sc\u00e8ne le couple star espagnol Javier Bardem et Pen\u00e9lope Cruz.\n<\/p>\n<p>\n C\u00e9dric Kahn pr\u00e9sentera lui \u00ab\u00a015\/18\u00a0\u00bb, une plong\u00e9e dans le quotidien d&rsquo;une unit\u00e9 de soins p\u00e9dopsychiatriques.\n<\/p>\n<p>\n Nicolas Pariser (\u00ab\u00a0Alice et le maire\u00a0\u00bb) viendra d\u00e9fendre \u00ab\u00a0Un peu avant minuit\u00a0\u00bb avec Melvil Poupaud, Chiara Mastroianni et Golshifteh Farahani, et St\u00e9phane Briz\u00e9 (\u00ab\u00a0La Loi du march\u00e9\u00a0\u00bb) proposera une nouvelle radiographie du capitalisme contemporain et de ses travers avec \u00ab\u00a0Un bon petit soldat\u00a0\u00bb.\n<\/p>\n<p>\n Cinq longs-m\u00e9trages de r\u00e9alisateurs italiens sont \u00e9galement en comp\u00e9tition, dont \u00ab\u00a0Succeder\u00e0 questa notte\u00a0\u00bb marquant le retour \u00e0 Venise de Nanni Moretti, avec Louis Garrel \u00e0 l&rsquo;affiche.<\/p>\n","protected":false},"excerpt":{"rendered":"L&rsquo;acteur am\u00e9ricano-fran\u00e7ais George Clooney sur le tapis rouge de la Mostra de Venise, en Italie, le 28 ao\u00fbt&hellip;\n","protected":false},"author":2,"featured_media":288327,"comment_status":"","ping_status":"","sticky":false,"template":"","format":"standard","meta":{"footnotes":"","_share_on_mastodon":"0"},"categories":[15],"tags":[48,46,56,158,157,53,113,112,51,50,47,52,159,49,23,54,55],"class_list":["post-288326","post","type-post","status-publish","format-standard","has-post-thumbnail","category-people","tag-action-cac-40","tag-bourse-de-paris","tag-boursorama","tag-celebrities","tag-celebrity","tag-cotations","tag-divertissement","tag-entertainment","tag-indices-devises","tag-investir","tag-investissement","tag-marche-boursier","tag-people","tag-sicav","tag-suisse","tag-trackers","tag-warrants"],"share_on_mastodon":{"url":"https:\/\/pubeurope.com\/@ch_fr\/117202531941266036","error":""},"_links":{"self":[{"href":"https:\/\/www.europesays.com\/ch-fr\/wp-json\/wp\/v2\/posts\/288326","targetHints":{"allow":["GET"]}}],"collection":[{"href":"https:\/\/www.europesays.com\/ch-fr\/wp-json\/wp\/v2\/posts"}],"about":[{"href":"https:\/\/www.europesays.com\/ch-fr\/wp-json\/wp\/v2\/types\/post"}],"author":[{"embeddable":true,"href":"https:\/\/www.europesays.com\/ch-fr\/wp-json\/wp\/v2\/users\/2"}],"replies":[{"embeddable":true,"href":"https:\/\/www.europesays.com\/ch-fr\/wp-json\/wp\/v2\/comments?post=288326"}],"version-history":[{"count":0,"href":"https:\/\/www.europesays.com\/ch-fr\/wp-json\/wp\/v2\/posts\/288326\/revisions"}],"wp:featuredmedia":[{"embeddable":true,"href":"https:\/\/www.europesays.com\/ch-fr\/wp-json\/wp\/v2\/media\/288327"}],"wp:attachment":[{"href":"https:\/\/www.europesays.com\/ch-fr\/wp-json\/wp\/v2\/media?parent=288326"}],"wp:term":[{"taxonomy":"category","embeddable":true,"href":"https:\/\/www.europesays.com\/ch-fr\/wp-json\/wp\/v2\/categories?post=288326"},{"taxonomy":"post_tag","embeddable":true,"href":"https:\/\/www.europesays.com\/ch-fr\/wp-json\/wp\/v2\/tags?post=288326"}],"curies":[{"name":"wp","href":"https:\/\/api.w.org\/{rel}","templated":true}]}}