{"id":288356,"date":"2026-09-02T17:24:35","date_gmt":"2026-09-02T17:24:35","guid":{"rendered":"https:\/\/www.europesays.com\/ch-fr\/288356\/"},"modified":"2026-09-02T17:24:35","modified_gmt":"2026-09-02T17:24:35","slug":"profite-de-ton-annee-roman-le-fils-de-marc-lavoine-et-de-son-ex-sarah-poniatowski-quitte-la-france-pour-un-nouveau-chapitre-de-sa-vie","status":"publish","type":"post","link":"https:\/\/www.europesays.com\/ch-fr\/288356\/","title":{"rendered":"\u00ab\u00a0Profite de ton ann\u00e9e\u00a0\u00bb : Roman, le fils de Marc Lavoine et de son ex Sarah Poniatowski, quitte la France pour un nouveau chapitre de sa vie"},"content":{"rendered":"<p class=\"mb-4 text-lg md:leading-8 break-words\">Roman, le fils de Marc Lavoine et Sarah Poniatowski, fait parler de lui. \u00c0 19 ans, le jeune homme a d\u00e9croch\u00e9 son bac avec mention \u00e0 l&rsquo;\u00e9t\u00e9 2025 et s&rsquo;est envol\u00e9 \u00e0 l&rsquo;\u00e9tranger pour poursuivre ses \u00e9tudes. Sa m\u00e8re a r\u00e9v\u00e9l\u00e9 la nouvelle dimanche 30 ao\u00fbt 2026, sur Instagram.<\/p>\n<p class=\"mb-4 text-lg md:leading-8 break-words\">Un nouveau chapitre s&rsquo;ouvre pour la famille Lavoine. <a data-ylk=\"slk:Marc Lavoine;elm:context_link;itc:0;sec:content-canvas;\" data-yga=\"{&quot;yLinkElement&quot;:&quot;link&quot;,&quot;yLinkElementType&quot;:&quot;article_link&quot;}\" href=\"https:\/\/www.purepeople.com\/article\/en-plein-voyage-a-tahiti-adriana-karembeu-et-marc-lavoine-font-face-a-une-nouvelle-plainte-de-lex-mari-du-mannequin_a551950\/1\" rel=\"noopener noreferrer nofollow\" target=\"_blank\">Marc Lavoine<\/a>, 64 ans, avance depuis quarante ans entre chanson et cin\u00e9ma. Apr\u00e8s des d\u00e9buts dans les ann\u00e9es 1980, il se fait une place dans le milieu avec des titres comme <a data-ylk=\"slk:Elle a les yeux revolver;elm:context_link;itc:0;sec:content-canvas;\" data-yga=\"{&quot;yLinkElement&quot;:&quot;link&quot;,&quot;yLinkElementType&quot;:&quot;article_link&quot;}\" href=\"https:\/\/www.purepeople.com\/article\/marc-lavoine-retrouve-la-femme-pour-qui-il-a-ecrit-les-yeux-revolver-ca-fait-bizarre-exclu_a457159\/1\" rel=\"noopener noreferrer nofollow\" target=\"_blank\">Elle a les yeux revolver<\/a> ou Le parking des anges. Il encha\u00eene les duos comme avec <a data-ylk=\"slk:Catherine Ringer;elm:context_link;itc:0;sec:content-canvas;\" data-yga=\"{&quot;yLinkElement&quot;:&quot;link&quot;,&quot;yLinkElementType&quot;:&quot;article_link&quot;}\" href=\"https:\/\/www.purepeople.com\/article\/catherine-ringer-est-malheureusement-contrainte-dannuler-lartiste-ne-peut-pas-monter-sur-scene-samedi-a-paris_a551717\/1\" rel=\"noopener noreferrer nofollow\" target=\"_blank\">Catherine Ringer<\/a>, <a data-ylk=\"slk:Claire Keim;elm:context_link;itc:0;sec:content-canvas;\" data-yga=\"{&quot;yLinkElement&quot;:&quot;link&quot;,&quot;yLinkElementType&quot;:&quot;article_link&quot;}\" href=\"https:\/\/www.purepeople.com\/article\/leur-fille-va-avoir-18-ans-claire-keim-leclipse-et-bixente-lizarazu-lui-ont-choisi-un-prenom-tres-rare-sa-signification-fait-totalement-sens-pour-eux_a553158\/1\" rel=\"noopener noreferrer nofollow\" target=\"_blank\">Claire Keim<\/a> ou Cristina Marocco, tout en menant une carri\u00e8re d&rsquo;acteur notamment dans Le C\u0153ur des hommes et la s\u00e9rie <a data-ylk=\"slk:Crossing Lines;elm:context_link;itc:0;sec:content-canvas;\" data-yga=\"{&quot;yLinkElement&quot;:&quot;link&quot;,&quot;yLinkElementType&quot;:&quot;article_link&quot;}\" href=\"https:\/\/www.purepeople.com\/article\/marc-lavoine-dans-crossing-lines-mon-fils-simon-tient-un-role-dans-la-serie_a129421\/1\" rel=\"noopener noreferrer nofollow\" target=\"_blank\">Crossing Lines<\/a>.<\/p>\n<p class=\"mb-4 text-lg md:leading-8 break-words\">C\u00f4t\u00e9 c\u0153ur, l&rsquo;artiste a connu plusieurs vies. De sa relation avec le mannequin am\u00e9ricain <a data-ylk=\"slk:Denise Pascale;elm:context_link;itc:0;sec:content-canvas;\" data-yga=\"{&quot;yLinkElement&quot;:&quot;link&quot;,&quot;yLinkElementType&quot;:&quot;article_link&quot;}\" href=\"https:\/\/www.purepeople.com\/article\/marc-lavoine-divorce-de-denise-pascale-la-mort-de-la-mere-de-son-fils-simon-une-terrible-douleur_a498970\/1\" rel=\"noopener noreferrer nofollow\" target=\"_blank\">Denise Pascale<\/a> est n\u00e9 Simon, aujourd&rsquo;hui \u00e2g\u00e9 de 40 ans et rest\u00e9 tr\u00e8s discret. En 1995, <a data-ylk=\"slk:Marc Lavoine \u00e9pouse la d\u00e9coratrice Sarah Poniatowski;elm:context_link;itc:0;sec:content-canvas;\" data-yga=\"{&quot;yLinkElement&quot;:&quot;link&quot;,&quot;yLinkElementType&quot;:&quot;article_link&quot;}\" href=\"https:\/\/www.purepeople.com\/article\/marc-lavoine-ces-phrases-cles-qui-ont-guide-leducation-de-ses-4-enfants-nes-de-ses-amours-avec-sarah-poniatowski-et-la-regrettee-denise-pascale_a549639\/1\" rel=\"noopener noreferrer nofollow\" target=\"_blank\">Marc Lavoine \u00e9pouse la d\u00e9coratrice Sarah Poniatowski<\/a>. Le couple, s\u00e9par\u00e9 en 2018 apr\u00e8s vingt-trois ans de vie commune, a eu trois enfants : Yasmine, 28 ans, Roman, 19 ans, et Milo, 16 ans. Le chanteur s&rsquo;est ensuite mari\u00e9 \u00e0 l&rsquo;\u00e9crivaine <a data-ylk=\"slk:Line Papin;elm:context_link;itc:0;sec:content-canvas;\" data-yga=\"{&quot;yLinkElement&quot;:&quot;link&quot;,&quot;yLinkElementType&quot;:&quot;article_link&quot;}\" href=\"https:\/\/www.purepeople.com\/article\/line-papin-lex-femme-de-marc-lavoine-prete-pour-une-nouvelle-ere-quand-les-beaux-jours-reviennent-nous_a537172\/1\" rel=\"noopener noreferrer nofollow\" target=\"_blank\">Line Papin<\/a>, de 2020 \u00e0 2022. Il partage d\u00e9sormais sa vie avec l&rsquo;ancienne mannequin <a data-ylk=\"slk:Adriana Karembeu, m\u00e8re de la petite Nina, 7 ans;elm:context_link;itc:0;sec:content-canvas;\" data-yga=\"{&quot;yLinkElement&quot;:&quot;link&quot;,&quot;yLinkElementType&quot;:&quot;article_link&quot;}\" href=\"https:\/\/www.purepeople.com\/article\/adriana-karembeu-emmene-sa-fille-nina-dans-un-petit-coin-de-paradis-valentin-kretz-valide_a553382\/1\" rel=\"noopener noreferrer nofollow\" target=\"_blank\">Adriana Karembeu, m\u00e8re de la petite Nina, 7 ans<\/a>.<\/p>\n<p><img alt=\"Story Instagram de @sarahponiatowski dimanche 31 ao\u00fbt 2026.\" loading=\"lazy\" width=\"960\" height=\"1707\" decoding=\"async\" data-nimg=\"1\" class=\"rounded-lg\" style=\"color:transparent\" src=\"https:\/\/www.europesays.com\/ch-fr\/wp-content\/uploads\/2026\/09\/https:\/\/media.zenfs.com\/fr\/purepeople_fr_articles_981\/1273dcb592e56d0bebf69585f8ceafe4.jpg\"\/><\/p>\n<p class=\"mb-4 text-lg md:leading-8 break-words\">Sarah Poniatowski : \u00ab\u00a0Profite de ton ann\u00e9e\u00a0\u00bb<\/p>\n<p class=\"mb-4 text-lg md:leading-8 break-words\"><a data-ylk=\"slk:Roman;elm:context_link;itc:0;sec:content-canvas;\" data-yga=\"{&quot;yLinkElement&quot;:&quot;link&quot;,&quot;yLinkElementType&quot;:&quot;article_link&quot;}\" href=\"https:\/\/www.purepeople.com\/article\/un-nouveau-chapitre-souvre-sarah-poniatowski-et-marc-lavoine-peuvent-etre-fiers-de-leur-fils-roman_a540072\/1\" rel=\"noopener noreferrer nofollow\" target=\"_blank\">Roman<\/a>, lui, se montre r\u00e9guli\u00e8rement aux c\u00f4t\u00e9s de son p\u00e8re, notamment <a data-ylk=\"slk:dans les tribunes de Roland-Garros;elm:context_link;itc:0;sec:content-canvas;\" data-yga=\"{&quot;yLinkElement&quot;:&quot;link&quot;,&quot;yLinkElementType&quot;:&quot;article_link&quot;}\" href=\"https:\/\/www.purepeople.com\/article\/marion-cotillard-et-guillaume-canet-a-roland-garros-avec-leur-fils-marcel-jean-dujardin-installe-juste-a-cote-de-lactrice-dans-les-tribunes_a550990\/1\" rel=\"noopener noreferrer nofollow\" target=\"_blank\">dans les tribunes de Roland-Garros<\/a>. Et le jeune homme vient de franchir une \u00e9tape importante de sa vie. Apr\u00e8s avoir d\u00e9croch\u00e9 son baccalaur\u00e9at avec mention l&rsquo;ann\u00e9e derni\u00e8re, il a choisi de s&rsquo;envoler vers l&rsquo;Espagne pour y poursuivre ses \u00e9tudes. Une nouvelle vie que sa m\u00e8re a tenu \u00e0 saluer publiquement. Dimanche 30 ao\u00fbt 2026, <a data-ylk=\"slk:Sarah Poniatowski;elm:context_link;itc:0;sec:content-canvas;\" data-yga=\"{&quot;yLinkElement&quot;:&quot;link&quot;,&quot;yLinkElementType&quot;:&quot;article_link&quot;}\" href=\"https:\/\/www.purepeople.com\/article\/sarah-poniatowski-lex-femme-de-marc-lavoine-emmene-leurs-enfants-en-road-trip-a-lautre-bout-du-monde-pour-des-vacances-paradisiaques_a552926\/1\" rel=\"noopener noreferrer nofollow\" target=\"_blank\">Sarah Poniatowski<\/a> a partag\u00e9 une story sur son compte Instagram, suivi par plus de 152 000 abonn\u00e9s. Sur le clich\u00e9, Roman prend la pose sur le balcon de son tout nouvel appartement. En l\u00e9gende, la d\u00e9coratrice a \u00e9crit avec tendresse : \u00ab\u00a0Enjoy your year baby\u00a0\u00bb (Profite de ton ann\u00e9e, b\u00e9b\u00e9).<\/p>\n<p class=\"mb-4 text-lg md:leading-8 break-words\">Pendant ce temps, l&rsquo;\u00e9t\u00e9 touche \u00e0 sa fin pour<a data-ylk=\"slk:Marc Lavoine et Adriana Karembeu;elm:context_link;itc:0;sec:content-canvas;\" data-yga=\"{&quot;yLinkElement&quot;:&quot;link&quot;,&quot;yLinkElementType&quot;:&quot;article_link&quot;}\" href=\"https:\/\/www.purepeople.com\/article\/marc-lavoine-et-adriana-karembeu-duo-inseparable-devant-le-prince-albert-de-monaco-pour-un-rendez-vous-iconique_a551307\/1\" rel=\"noopener noreferrer nofollow\" target=\"_blank\"> Marc Lavoine et Adriana Karembeu<\/a>, et l&rsquo;ambiance pourrait vite changer. Le couple a profit\u00e9 de plusieurs semaines de d\u00e9tente avec <a data-ylk=\"slk:la petite Nina;elm:context_link;itc:0;sec:content-canvas;\" data-yga=\"{&quot;yLinkElement&quot;:&quot;link&quot;,&quot;yLinkElementType&quot;:&quot;article_link&quot;}\" href=\"https:\/\/www.purepeople.com\/article\/adriana-karembeu-ses-heureuses-retrouvailles-avec-le-pere-de-sa-fille-apres-l-anniversaire-de-la-petite-nina-6-ans_a526585\/1\" rel=\"noopener noreferrer nofollow\" target=\"_blank\">la petite Nina<\/a>, entre Saint-Tropez, le Gers puis Marrakech. Mais une \u00e9ch\u00e9ance judiciaire approche : une d\u00e9cision sur la garde de la fillette doit tomber d&rsquo;ici deux semaines. Adriana Karembeu esp\u00e8re obtenir une garde \u00ab\u00a0tout au moins partag\u00e9e\u00a0\u00bb, et Marc Lavoine se montrerait, selon <a data-ylk=\"slk:Closer;elm:context_link;itc:0;sec:content-canvas;\" data-yga=\"{&quot;yLinkElement&quot;:&quot;link&quot;,&quot;yLinkElementType&quot;:&quot;article_link&quot;}\" href=\"https:\/\/www.closermag.fr\/people\/exclu-marc-lavoine-plus-stresse-quadriana-karembeu-apres-saint-tropez-et-le-gers-leurs-vacances-vont-prendre-une-tournure-beaucoup-moins-festive-3653726\" rel=\"noopener noreferrer nofollow\" target=\"_blank\">Closer<\/a>, encore plus tendu que sa compagne \u00e0 l&rsquo;approche du verdict.<\/p>\n<p class=\"mb-4 text-lg md:leading-8 break-words\"><a data-ylk=\"slk:Article original sur Ode;elm:context_link;itc:0;sec:content-canvas;\" data-yga=\"{&quot;yLinkElement&quot;:&quot;link&quot;,&quot;yLinkElementType&quot;:&quot;article_link&quot;}\" href=\"https:\/\/www.purepeople.com\/article\/profite-de-ton-annee-roman-le-fils-de-marc-lavoine-et-de-son-ex-sarah-poniatowski-quitte-la-france-pour-un-nouveau-chapitre-de-sa-vie_a553715\/1\" rel=\"noopener noreferrer nofollow\" target=\"_blank\">Article original sur Ode<\/a><\/p>\n","protected":false},"excerpt":{"rendered":"Roman, le fils de Marc Lavoine et Sarah Poniatowski, fait parler de lui. \u00c0 19 ans, le jeune&hellip;\n","protected":false},"author":2,"featured_media":288357,"comment_status":"","ping_status":"","sticky":false,"template":"","format":"standard","meta":{"footnotes":"","_share_on_mastodon":"0"},"categories":[12],"tags":[3503,3822,62686,113,112,62687,162,62683,62688,62682,13058,140,141,58451,62684,26,62685,62681,23,1758],"class_list":["post-288356","post","type-post","status-publish","format-standard","has-post-thumbnail","category-musique","tag-adriana-karembeu","tag-apres","tag-bac-avec","tag-divertissement","tag-entertainment","tag-il-partage-desormais-sa-vie-avec","tag-instagram","tag-jeune-homme","tag-lete-touche-a-sa-fin","tag-le-fils","tag-marc-lavoine","tag-music","tag-musique","tag-nina","tag-parler-de-lui","tag-roman","tag-roman-prend-la-pose-sur-le","tag-sarah-poniatowski","tag-suisse","tag-un"],"share_on_mastodon":{"url":"https:\/\/pubeurope.com\/@ch_fr\/117202614176287383","error":""},"_links":{"self":[{"href":"https:\/\/www.europesays.com\/ch-fr\/wp-json\/wp\/v2\/posts\/288356","targetHints":{"allow":["GET"]}}],"collection":[{"href":"https:\/\/www.europesays.com\/ch-fr\/wp-json\/wp\/v2\/posts"}],"about":[{"href":"https:\/\/www.europesays.com\/ch-fr\/wp-json\/wp\/v2\/types\/post"}],"author":[{"embeddable":true,"href":"https:\/\/www.europesays.com\/ch-fr\/wp-json\/wp\/v2\/users\/2"}],"replies":[{"embeddable":true,"href":"https:\/\/www.europesays.com\/ch-fr\/wp-json\/wp\/v2\/comments?post=288356"}],"version-history":[{"count":0,"href":"https:\/\/www.europesays.com\/ch-fr\/wp-json\/wp\/v2\/posts\/288356\/revisions"}],"wp:featuredmedia":[{"embeddable":true,"href":"https:\/\/www.europesays.com\/ch-fr\/wp-json\/wp\/v2\/media\/288357"}],"wp:attachment":[{"href":"https:\/\/www.europesays.com\/ch-fr\/wp-json\/wp\/v2\/media?parent=288356"}],"wp:term":[{"taxonomy":"category","embeddable":true,"href":"https:\/\/www.europesays.com\/ch-fr\/wp-json\/wp\/v2\/categories?post=288356"},{"taxonomy":"post_tag","embeddable":true,"href":"https:\/\/www.europesays.com\/ch-fr\/wp-json\/wp\/v2\/tags?post=288356"}],"curies":[{"name":"wp","href":"https:\/\/api.w.org\/{rel}","templated":true}]}}