{"id":288360,"date":"2026-09-02T17:27:08","date_gmt":"2026-09-02T17:27:08","guid":{"rendered":"https:\/\/www.europesays.com\/ch-fr\/288360\/"},"modified":"2026-09-02T17:27:08","modified_gmt":"2026-09-02T17:27:08","slug":"une-etude-revele-que-cette-habitude-du-diner-pourrait-accelerer-le-vieillissement-du-cerveau","status":"publish","type":"post","link":"https:\/\/www.europesays.com\/ch-fr\/288360\/","title":{"rendered":"Une \u00e9tude r\u00e9v\u00e8le que cette habitude du d\u00eener pourrait acc\u00e9l\u00e9rer le vieillissement du cerveau"},"content":{"rendered":"<p>D\u00eener \u00e0 22 heures ou couper la cuisine bien avant d\u2019aller se coucher, l\u2019heure \u00e0 laquelle on pose la fourchette revient au centre du d\u00e9bat sur le cerveau qui vieillit. Fin juillet, au congr\u00e8s NUTRITION 2026 de l\u2019American Society for Nutrition, une \u00e9tude pilote men\u00e9e par Sue Shapses (Universit\u00e9 Rutgers, Rutgers-Robert Wood Johnson Medical Center) a explor\u00e9 l\u2019id\u00e9e qu\u2019enserrer ses repas dans une fen\u00eatre plus courte, avec un vrai je\u00fbne nocturne, pourrait compter autant que le contenu de l\u2019assiette. Pendant six mois, 47 femmes am\u00e9ricaines m\u00e9nopaus\u00e9es de 50 \u00e0 79 ans, en surpoids ou ob\u00e8ses, ont \u00e9t\u00e9 suivies avec des consignes diff\u00e9rentes sur la dur\u00e9e quotidienne de prise alimentaire. Des r\u00e9sultats encore pr\u00e9liminaires, pr\u00e9sent\u00e9s en congr\u00e8s et pas encore publi\u00e9s dans une revue \u00e0 comit\u00e9 de lecture, mais qui relancent la chrononutrition sur un terrain sensible, m\u00e9moire, attention et, en toile de fond, le risque de d\u00e9mence.<\/p>\n<p>Des donn\u00e9es pr\u00e9sent\u00e9es \u00e0 un grand congr\u00e8s de nutrition<\/p>\n<p>Fin juillet, au congr\u00e8s annuel NUTRITION 2026 de l\u2019American Society for Nutrition, tenu du 25 au 28 juillet \u00e0 National Harbor (Maryland), une \u00e9tude pilote a mis le projecteur sur un d\u00e9tail du quotidien qu\u2019on sous-estime souvent: l\u2019heure \u00e0 laquelle on mange. Les r\u00e9sultats, pr\u00e9sent\u00e9s lors de <a href=\"https:\/\/www.eurekalert.org\/news-releases\/1136419\" target=\"_blank\" rel=\"nofollow noopener\">NUTRITION 2026<\/a>, sugg\u00e8rent qu\u2019en r\u00e9duisant la plage horaire des repas, on pourrait aussi jouer sur le risque de troubles cognitifs, pas seulement sur la balance.<\/p>\n<p>L\u2019essai a \u00e9t\u00e9 men\u00e9 par Sue Shapses, professeure \u00e0 l\u2019Universit\u00e9 Rutgers et au Rutgers-Robert Wood Johnson Medical Center. Il a suivi 47 femmes am\u00e9ricaines m\u00e9nopaus\u00e9es, \u00e2g\u00e9es de 50 \u00e0 79 ans, en surpoids ou ob\u00e8ses, pendant 6 mois.<\/p>\n<p>La r\u00e8gle des 8 \u00e0 9 heures et l\u2019arr\u00eat 4 heures avant le coucher<\/p>\n<p>Concr\u00e8tement, toutes les participantes ont \u00e9t\u00e9 incit\u00e9es \u00e0 r\u00e9duire leur apport d\u2019environ 500 calories par jour. Mais 26 d\u2019entre elles devaient, en plus, concentrer leurs prises alimentaires sur une fen\u00eatre de moins de 9 heures (typiquement 10h-18h), l\u00e0 o\u00f9 l\u2019autre groupe restait sur un rythme plus classique d\u2019environ 12 heures par jour.<\/p>\n<p>Point int\u00e9ressant: les 2 groupes ont perdu un poids similaire, en moyenne 15 livres (pr\u00e8s de 7 kg). Malgr\u00e9 \u00e7a, celles qui mangeaient sur une fen\u00eatre plus courte ont obtenu de meilleurs r\u00e9sultats sur plusieurs tests, notamment en planification spatiale et en r\u00e9solution de probl\u00e8mes, avec moins d\u2019erreurs li\u00e9es \u00e0 la m\u00e9moire, l\u2019attention et l\u2019apprentissage, comme le d\u00e9taille <a href=\"https:\/\/neurosciencenews.com\/restricted-eating-cognition-aging-31130\/\" target=\"_blank\" rel=\"nofollow noopener\">l\u2019essai pilote<\/a>.<\/p>\n<p>Ce que l\u2019\u00e9tude permet, ou non, de conclure<\/p>\n<p>Faut-il en d\u00e9duire que d\u00eener tard \u201cfait vieillir\u201d le cerveau plus vite ? Pour le coup, l\u2019\u00e9tude ne mesure pas directement un effet n\u00e9gatif du d\u00eener tardif, elle observe surtout un b\u00e9n\u00e9fice quand on r\u00e9duit la fen\u00eatre de repas et qu\u2019on arr\u00eate de manger 4 heures avant de dormir.<\/p>\n<p>Sue Shapses r\u00e9sume ainsi l\u2019id\u00e9e: \u00ab Perdre du poids \u00e0 elle seule aidera \u00e0 limiter une partie du d\u00e9clin cognitif li\u00e9 \u00e0 l\u2019\u00e2ge, et ces donn\u00e9es sugg\u00e8rent qu\u2019il pourrait y avoir des b\u00e9n\u00e9fices suppl\u00e9mentaires si vous arr\u00eatez de manger 4 heures avant d\u2019aller dormir et si vous r\u00e9duisez l\u2019alimentation \u00e0 8-9 heures par jour, par rapport \u00e0 la fen\u00eatre habituelle de 12 heures. \u00bb Une piste qui rejoint l\u2019attention croissante port\u00e9e au <a href=\"https:\/\/www.inc.com\/lucia-auerbach\/protect-against-cognitive-decline-new-study-change-1-eating-habit\/91380489\" target=\"_blank\" rel=\"nofollow noopener\">stop 4 heures avant le coucher<\/a>.<\/p>\n<p>En France, la chrononutrition s\u2019invite dans le d\u00e9bat<\/p>\n<p>En France, ces r\u00e9sultats alimentent la vague \u201cchrononutrition\u201d, qui consiste \u00e0 caler son alimentation sur l\u2019horloge biologique. Les recommandations qui circulent reprennent surtout 2 id\u00e9es simples: manger sur 8 \u00e0 9 heures, et \u00e9viter de grignoter tard, histoire de garder un vrai je\u00fbne nocturne.<\/p>\n<p>&#13;<\/p>\n<p>Limiter la fen\u00eatre quotidienne des repas \u00e0 8-9 heures&#13;<\/p>\n<p>Arr\u00eater de manger 4 heures avant le coucher&#13;<\/p>\n<p>Garder en t\u00eate que ces r\u00e9sultats restent pr\u00e9liminaires (\u00e9tude pilote, 47 participantes, pas encore publi\u00e9e dans une revue \u00e0 comit\u00e9 de lecture)&#13;<\/p>\n","protected":false},"excerpt":{"rendered":"D\u00eener \u00e0 22 heures ou couper la cuisine bien avant d\u2019aller se coucher, l\u2019heure \u00e0 laquelle on pose&hellip;\n","protected":false},"author":2,"featured_media":288361,"comment_status":"","ping_status":"","sticky":false,"template":"","format":"standard","meta":{"footnotes":"","_share_on_mastodon":"0"},"categories":[9],"tags":[449,1754,12334,102,14108,83,6599,5497,84,23,109],"class_list":["post-288360","post","type-post","status-publish","format-standard","has-post-thumbnail","category-sante","tag-449","tag-cette","tag-diner","tag-etude","tag-habitude","tag-health","tag-que","tag-revele","tag-sante","tag-suisse","tag-une"],"share_on_mastodon":{"url":"https:\/\/pubeurope.com\/@ch_fr\/117202625897909888","error":""},"_links":{"self":[{"href":"https:\/\/www.europesays.com\/ch-fr\/wp-json\/wp\/v2\/posts\/288360","targetHints":{"allow":["GET"]}}],"collection":[{"href":"https:\/\/www.europesays.com\/ch-fr\/wp-json\/wp\/v2\/posts"}],"about":[{"href":"https:\/\/www.europesays.com\/ch-fr\/wp-json\/wp\/v2\/types\/post"}],"author":[{"embeddable":true,"href":"https:\/\/www.europesays.com\/ch-fr\/wp-json\/wp\/v2\/users\/2"}],"replies":[{"embeddable":true,"href":"https:\/\/www.europesays.com\/ch-fr\/wp-json\/wp\/v2\/comments?post=288360"}],"version-history":[{"count":0,"href":"https:\/\/www.europesays.com\/ch-fr\/wp-json\/wp\/v2\/posts\/288360\/revisions"}],"wp:featuredmedia":[{"embeddable":true,"href":"https:\/\/www.europesays.com\/ch-fr\/wp-json\/wp\/v2\/media\/288361"}],"wp:attachment":[{"href":"https:\/\/www.europesays.com\/ch-fr\/wp-json\/wp\/v2\/media?parent=288360"}],"wp:term":[{"taxonomy":"category","embeddable":true,"href":"https:\/\/www.europesays.com\/ch-fr\/wp-json\/wp\/v2\/categories?post=288360"},{"taxonomy":"post_tag","embeddable":true,"href":"https:\/\/www.europesays.com\/ch-fr\/wp-json\/wp\/v2\/tags?post=288360"}],"curies":[{"name":"wp","href":"https:\/\/api.w.org\/{rel}","templated":true}]}}