{"id":288374,"date":"2026-09-02T17:36:08","date_gmt":"2026-09-02T17:36:08","guid":{"rendered":"https:\/\/www.europesays.com\/ch-fr\/288374\/"},"modified":"2026-09-02T17:36:08","modified_gmt":"2026-09-02T17:36:08","slug":"suisse-pres-de-bale-une-mini-tornade-ravage-une-jardinerie-en-moins-dune-minute","status":"publish","type":"post","link":"https:\/\/www.europesays.com\/ch-fr\/288374\/","title":{"rendered":"Suisse. Pr\u00e8s de B\u00e2le, une mini-tornade ravage une jardinerie en moins d\u2019une minute"},"content":{"rendered":"<p>Une sc\u00e8ne digne d\u2019un film catastrophe. Vendredi dernier, un violent orage accompagn\u00e9 de vents extr\u00eamement puissants a frapp\u00e9 Riehen, dans le canton de B\u00e2le-Ville. La <a href=\"https:\/\/www.hirtenweg.ch\/\" target=\"_blank\" rel=\"nofollow noopener\">Biog\u00e4rtnerei am Hirtenweg<\/a> a \u00e9t\u00e9 particuli\u00e8rement touch\u00e9e, au point que ses responsables \u00e9voquent le passage d\u2019une \u00ab mini-tornade \u00bb.<\/p>\n<p>\u00ab Je n\u2019ai jamais rien v\u00e9cu de tel \u00bb, t\u00e9moigne Bina Th\u00fcrkauf, propri\u00e9taire de cette jardinerie tenue exclusivement par des femmes, cit\u00e9e par <a href=\"https:\/\/www.20min.ch\/story\/mini-tornado-in-riehen-bs-hilferuf-von-gaertnerinnen-wurden-mit-voller-wucht-getroffen-103625633\" target=\"_blank\" rel=\"nofollow noopener\">20 Minuten<\/a>. Selon elle, le ph\u00e9nom\u00e8ne a dur\u00e9 moins d\u2019une minute mais a suffi \u00e0 provoquer d\u2019importants d\u00e9g\u00e2ts. \u00ab Les murs tremblaient, des choses \u00e9taient projet\u00e9es dans tous les sens et, pendant un instant, il faisait nuit noire \u00bb, raconte-t-elle.<\/p>\n<p>Ce contenu est bloqu\u00e9 car vous n&rsquo;avez pas accept\u00e9 les cookies et autres traceurs.<\/p>\n<p>En cliquant sur \u00ab J\u2019accepte \u00bb, les cookies et autres traceurs seront d\u00e9pos\u00e9s et vous pourrez visualiser les contenus  (<a href=\"\" class=\"consentModule_policy\" target=\"_blank\" title=\"Consulter la politique de protection des donn\u00e9es du fournisseur\">plus d&rsquo;informations<\/a>).<\/p>\n<p>En cliquant sur \u00ab J\u2019accepte tous les cookies \u00bb, vous autorisez des d\u00e9p\u00f4ts de cookies et autres traceurs pour le stockage de vos donn\u00e9es sur nos sites et applications \u00e0 des fins de personnalisation et de ciblage publicitaire.<\/p>\n<p class=\"consentModule_secondaryText\">Vous gardez la possibilit\u00e9 de retirer votre consentement \u00e0 tout moment en consultant notre <a href=\"https:\/\/www.dna.fr\/protection-des-donnees\" target=\"_blank\" title=\"Consulter notre politique de protection des donn\u00e9es\" rel=\"nofollow noopener\">politique de protection des donn\u00e9es<\/a>. <br \/>&#13;<br \/>\n            <a href=\"https:\/\/www.dna.fr\/faits-divers-justice\/2026\/09\/02\/javascript:Didomi.notice.show()\" class=\"consentModule_cmp\" rel=\"nofollow noopener\" target=\"_blank\">G\u00e9rer mes choix<\/a>&#13;\n        <\/p>\n<p>&#13;<br \/>\n                        J&rsquo;accepte&#13;<br \/>\n            J&rsquo;accepte tous les cookies&#13;\n        <\/p>\n<p>  Un arbre sur le v\u00e9hicule<\/p>\n<p>Dans la propri\u00e9t\u00e9, plusieurs arbres ont \u00e9t\u00e9 d\u00e9racin\u00e9s ou arrach\u00e9s par le vent. Un arbre est notamment tomb\u00e9 sur le v\u00e9hicule utilitaire de l\u2019entreprise, totalement d\u00e9truit. Un c\u00e8dre d\u2019environ 40 ans s\u2019est abattu sur des plants que l\u2019\u00e9quipe avait r\u00e9ussi \u00e0 maintenir en vie malgr\u00e9 les fortes chaleurs de l\u2019\u00e9t\u00e9.<\/p>\n<p>Le ph\u00e9nom\u00e8ne a \u00e9galement ouvert une br\u00e8che dans la for\u00eat voisine. Deux tunnels en plastique utilis\u00e9s pour faire pousser les v\u00e9g\u00e9taux ont \u00e9t\u00e9 d\u00e9truits, tandis que des caisses de plantes ont \u00e9t\u00e9 renvers\u00e9es et des jeunes plants ensevelis.<\/p>\n<p>Ce contenu est bloqu\u00e9 car vous n&rsquo;avez pas accept\u00e9 les cookies et autres traceurs.<\/p>\n<p>En cliquant sur \u00ab J\u2019accepte \u00bb, les cookies et autres traceurs seront d\u00e9pos\u00e9s et vous pourrez visualiser les contenus  (<a href=\"\" class=\"consentModule_policy\" target=\"_blank\" title=\"Consulter la politique de protection des donn\u00e9es du fournisseur\">plus d&rsquo;informations<\/a>).<\/p>\n<p>En cliquant sur \u00ab J\u2019accepte tous les cookies \u00bb, vous autorisez des d\u00e9p\u00f4ts de cookies et autres traceurs pour le stockage de vos donn\u00e9es sur nos sites et applications \u00e0 des fins de personnalisation et de ciblage publicitaire.<\/p>\n<p class=\"consentModule_secondaryText\">Vous gardez la possibilit\u00e9 de retirer votre consentement \u00e0 tout moment en consultant notre <a href=\"https:\/\/www.dna.fr\/protection-des-donnees\" target=\"_blank\" title=\"Consulter notre politique de protection des donn\u00e9es\" rel=\"nofollow noopener\">politique de protection des donn\u00e9es<\/a>. <br \/>&#13;<br \/>\n            <a href=\"https:\/\/www.dna.fr\/faits-divers-justice\/2026\/09\/02\/javascript:Didomi.notice.show()\" class=\"consentModule_cmp\" rel=\"nofollow noopener\" target=\"_blank\">G\u00e9rer mes choix<\/a>&#13;\n        <\/p>\n<p>&#13;<br \/>\n                        J&rsquo;accepte&#13;<br \/>\n            J&rsquo;accepte tous les cookies&#13;\n        <\/p>\n<p>L\u2019ampleur exacte des d\u00e9g\u00e2ts reste encore inconnue. Le mat\u00e9riel lourd n\u00e9cessaire pour d\u00e9gager les arbres n\u2019\u00e9tait d\u2019ailleurs pas imm\u00e9diatement disponible, \u00e9tant d\u00e9j\u00e0 mobilis\u00e9 sur d\u2019autres secteurs touch\u00e9s par les intemp\u00e9ries.<\/p>\n<p>  Un appel \u00e0 l\u2019aide sur Facebook<\/p>\n<p>Lundi 31 ao\u00fbt, la jardinerie a lanc\u00e9 un <a href=\"https:\/\/www.facebook.com\/share\/p\/1FNq3fDVyH\/\" target=\"_blank\" rel=\"nofollow noopener\">appel \u00e0 l\u2019aide sur Facebook.<\/a> Elle recherche notamment un v\u00e9hicule utilitaire \u00e0 petit prix pour remplacer celui qui a \u00e9t\u00e9 d\u00e9truit. Le fourgon avait d\u00e9j\u00e0 une vingtaine d\u2019ann\u00e9es et sa propri\u00e9taire craint donc que l\u2019indemnisation de l\u2019assurance soit limit\u00e9e.<\/p>\n<p>Malgr\u00e9 le choc, Bina Th\u00fcrkauf se dit surtout soulag\u00e9e qu\u2019il n\u2019y ait eu ni bless\u00e9 ni mort. La solidarit\u00e9 suscit\u00e9e par l\u2019appel lanc\u00e9 sur les r\u00e9seaux sociaux lui donne, dit-elle, \u00ab le courage de continuer \u00bb. La commune de Riehen a de son c\u00f4t\u00e9 appel\u00e9 la population \u00e0 ne plus p\u00e9n\u00e9trer dans la for\u00eat jusqu\u2019\u00e0 nouvel ordre. Des arbres endommag\u00e9s, parfois bloqu\u00e9s par d\u2019autres arbres, pourraient encore tomber brutalement.<\/p>\n","protected":false},"excerpt":{"rendered":"Une sc\u00e8ne digne d\u2019un film catastrophe. Vendredi dernier, un violent orage accompagn\u00e9 de vents extr\u00eamement puissants a frapp\u00e9&hellip;\n","protected":false},"author":2,"featured_media":288375,"comment_status":"","ping_status":"","sticky":false,"template":"","format":"standard","meta":{"footnotes":"","_share_on_mastodon":"0"},"categories":[18],"tags":[664,175,176,6312,3488,297,91,26050,14780,23],"class_list":["post-288374","post","type-post","status-publish","format-standard","has-post-thumbnail","category-bale","tag-alsace","tag-bale","tag-basel","tag-edition-sundgau-trois-frontieres","tag-faits-divers-justice","tag-fil-info","tag-france-monde","tag-meteorologie-climat","tag-rheinblick","tag-suisse"],"share_on_mastodon":{"url":"https:\/\/pubeurope.com\/@ch_fr\/117202661322837998","error":""},"_links":{"self":[{"href":"https:\/\/www.europesays.com\/ch-fr\/wp-json\/wp\/v2\/posts\/288374","targetHints":{"allow":["GET"]}}],"collection":[{"href":"https:\/\/www.europesays.com\/ch-fr\/wp-json\/wp\/v2\/posts"}],"about":[{"href":"https:\/\/www.europesays.com\/ch-fr\/wp-json\/wp\/v2\/types\/post"}],"author":[{"embeddable":true,"href":"https:\/\/www.europesays.com\/ch-fr\/wp-json\/wp\/v2\/users\/2"}],"replies":[{"embeddable":true,"href":"https:\/\/www.europesays.com\/ch-fr\/wp-json\/wp\/v2\/comments?post=288374"}],"version-history":[{"count":0,"href":"https:\/\/www.europesays.com\/ch-fr\/wp-json\/wp\/v2\/posts\/288374\/revisions"}],"wp:featuredmedia":[{"embeddable":true,"href":"https:\/\/www.europesays.com\/ch-fr\/wp-json\/wp\/v2\/media\/288375"}],"wp:attachment":[{"href":"https:\/\/www.europesays.com\/ch-fr\/wp-json\/wp\/v2\/media?parent=288374"}],"wp:term":[{"taxonomy":"category","embeddable":true,"href":"https:\/\/www.europesays.com\/ch-fr\/wp-json\/wp\/v2\/categories?post=288374"},{"taxonomy":"post_tag","embeddable":true,"href":"https:\/\/www.europesays.com\/ch-fr\/wp-json\/wp\/v2\/tags?post=288374"}],"curies":[{"name":"wp","href":"https:\/\/api.w.org\/{rel}","templated":true}]}}