{"id":288382,"date":"2026-09-02T17:44:12","date_gmt":"2026-09-02T17:44:12","guid":{"rendered":"https:\/\/www.europesays.com\/ch-fr\/288382\/"},"modified":"2026-09-02T17:44:12","modified_gmt":"2026-09-02T17:44:12","slug":"celine-dion-chante-avec-ses-fans-devant-son-hotel-a-paris","status":"publish","type":"post","link":"https:\/\/www.europesays.com\/ch-fr\/288382\/","title":{"rendered":"C\u00e9line Dion chante avec ses fans devant son h\u00f4tel \u00e0 Paris"},"content":{"rendered":"<p class=\"c-paragraph\">Les fans de C\u00e9line Dion ont eu droit \u00e0 un moment exceptionnel mardi soir quand la diva a transform\u00e9 une rue parisienne en sc\u00e8ne.<\/p>\n<p class=\"c-paragraph\">La chanteuse est sortie de son h\u00f4tel dans une robe en cuir noir, saluant la foule en liesse, puis elle s\u2019est lanc\u00e9e dans l\u2019un de ses succ\u00e8s Pour que tu m\u2019aimes encore.<\/p>\n<p class=\"c-paragraph\">Ce texte est une traduction d\u2019<a href=\"https:\/\/www.ctvnews.ca\/montreal\/article\/celine-dion-steps-out-of-paris-hotel-to-sing-in-the-street-for-fans\/\" target=\"_blank\" rel=\"noreferrer nofollow noopener\" title=\"https:\/\/www.ctvnews.ca\/montreal\/article\/celine-dion-steps-out-of-paris-hotel-to-sing-in-the-street-for-fans\/\">un article de CTV News.<\/a><\/p>\n<p class=\"c-paragraph\">La chanteuse de 58 ans est dans la capitale fran\u00e7aise pour sa premi\u00e8re s\u00e9rie de concerts depuis qu\u2019elle a r\u00e9v\u00e9l\u00e9 qu\u2019elle souffrait du syndrome de la personne raide. Elle a fait une br\u00e8ve apparition aux Jeux olympiques de Paris 2024.<\/p>\n<p class=\"c-paragraph\">Le premier spectacle de sa prochaine s\u00e9rie de concerts \u00e0 la La D\u00e9fense Arena commence le 12 septembre et se poursuivra jusqu\u2019en mai 2027.<\/p>\n<p class=\"c-paragraph\">Elle donnera 16 spectacles pr\u00e9vus les mercredis, vendredis et samedis en septembre et octobre, puis reviendra en mai pour 10 dates suppl\u00e9mentaires, ajout\u00e9es en raison de la forte demande.<\/p>\n<p>Articles connexes<\/p>\n","protected":false},"excerpt":{"rendered":"Les fans de C\u00e9line Dion ont eu droit \u00e0 un moment exceptionnel mardi soir quand la diva a&hellip;\n","protected":false},"author":2,"featured_media":288383,"comment_status":"","ping_status":"","sticky":false,"template":"","format":"standard","meta":{"footnotes":"","_share_on_mastodon":"0"},"categories":[10],"tags":[2307,113,112,23],"class_list":["post-288382","post","type-post","status-publish","format-standard","has-post-thumbnail","category-divertissement","tag-apple-news","tag-divertissement","tag-entertainment","tag-suisse"],"share_on_mastodon":{"url":"https:\/\/pubeurope.com\/@ch_fr\/117202692671511900","error":""},"_links":{"self":[{"href":"https:\/\/www.europesays.com\/ch-fr\/wp-json\/wp\/v2\/posts\/288382","targetHints":{"allow":["GET"]}}],"collection":[{"href":"https:\/\/www.europesays.com\/ch-fr\/wp-json\/wp\/v2\/posts"}],"about":[{"href":"https:\/\/www.europesays.com\/ch-fr\/wp-json\/wp\/v2\/types\/post"}],"author":[{"embeddable":true,"href":"https:\/\/www.europesays.com\/ch-fr\/wp-json\/wp\/v2\/users\/2"}],"replies":[{"embeddable":true,"href":"https:\/\/www.europesays.com\/ch-fr\/wp-json\/wp\/v2\/comments?post=288382"}],"version-history":[{"count":0,"href":"https:\/\/www.europesays.com\/ch-fr\/wp-json\/wp\/v2\/posts\/288382\/revisions"}],"wp:featuredmedia":[{"embeddable":true,"href":"https:\/\/www.europesays.com\/ch-fr\/wp-json\/wp\/v2\/media\/288383"}],"wp:attachment":[{"href":"https:\/\/www.europesays.com\/ch-fr\/wp-json\/wp\/v2\/media?parent=288382"}],"wp:term":[{"taxonomy":"category","embeddable":true,"href":"https:\/\/www.europesays.com\/ch-fr\/wp-json\/wp\/v2\/categories?post=288382"},{"taxonomy":"post_tag","embeddable":true,"href":"https:\/\/www.europesays.com\/ch-fr\/wp-json\/wp\/v2\/tags?post=288382"}],"curies":[{"name":"wp","href":"https:\/\/api.w.org\/{rel}","templated":true}]}}