{"id":288401,"date":"2026-09-02T17:58:09","date_gmt":"2026-09-02T17:58:09","guid":{"rendered":"https:\/\/www.europesays.com\/ch-fr\/288401\/"},"modified":"2026-09-02T17:58:09","modified_gmt":"2026-09-02T17:58:09","slug":"vogue-williams-la-belle-soeur-de-pippa-accueille-son-quatrieme-enfant-2","status":"publish","type":"post","link":"https:\/\/www.europesays.com\/ch-fr\/288401\/","title":{"rendered":"Vogue Williams, la belle-soeur de Pippa, accueille son quatri\u00e8me enfant"},"content":{"rendered":"<p class=\"mb-4 text-lg md:leading-8 break-words\">Notre petit gar\u00e7on est bien arriv\u00e9\u2026 La maison regorge d&rsquo;excitation, d&rsquo;amour et de bonheur, et nous ne pourrions \u00eatre plus ravis\u00a0\u00bb, ont \u00e9crit Vogue Williams et son mari Spencer Matthews en l\u00e9gende de leur publication Instagram ce 1\u1d49\u02b3 septembre.\u00a0<\/p>\n<p class=\"mb-4 text-lg md:leading-8 break-words\">Maman combl\u00e9e, elle a tr\u00e8s vite partag\u00e9 d&rsquo;adorables clich\u00e9s sur les r\u00e9seaux sociaux. On y voit le nouveau-n\u00e9, emmitoufl\u00e9 dans une couverture et blotti dans ses bras, seulement quelques instants apr\u00e8s sa venue au monde. Spencer Matthews apparait lui aussi aux c\u00f4t\u00e9s de son fils, recroquevill\u00e9 contre son torse. Le couple, d\u00e9j\u00e0 parents de trois enfants, Theodore, 7 ans, Gigi, 6 ans, et Otto, quatre ans, c\u00e9l\u00e8bre cet heureux \u00e9v\u00e9nement en famille. Sur d&rsquo;autres clich\u00e9s, les enfants dorlotent d\u00e9j\u00e0 leur petit fr\u00e8re et semblent prendre leur r\u00f4le de grands fr\u00e8res et de grande s\u0153ur tr\u00e8s \u00e0 c\u0153ur.\u00a0<\/p>\n<p class=\"mb-4 text-lg md:leading-8 break-words\">Une naissance tr\u00e8s attendue par les fans de Vogue Williams, qui avait annonc\u00e9 sa grossesse sur les r\u00e9seaux sociaux en avril dernier avec en l\u00e9gende \u00ab\u00a0b\u00e9b\u00e9 num\u00e9ro 4 en route\u00a0\u00bb. Pour l&rsquo;occasion, le couple jouait les vedettes sur la plage, posant face \u00e0 face, tandis que le ventre de Vogue \u00e9tait visiblement d\u00e9j\u00e0 bien arrondi\u2026<\/p>\n<p>Une histoire n\u00e9e de la t\u00e9l\u00e9r\u00e9alit\u00e9 \u00a0<\/p>\n<p class=\"mb-4 text-lg md:leading-8 break-words\">Vogue et Spencer se sont rencontr\u00e9s en 2017 en Autriche sur le tournage de l&rsquo;\u00e9mission de t\u00e9l\u00e9r\u00e9alit\u00e9 The Jump. En juin 2018, le couple se marie avant d&rsquo;accueillir quelques mois plus tard leur premier fils, Theodore.\u00a0<\/p>\n<p class=\"mb-4 text-lg md:leading-8 break-words\">Avec 1,2 million de followers sur Instagram, \u00e0 40 ans, la maman de quatre enfants multiplie les casquettes : pr\u00e9sentatrice de t\u00e9l\u00e9vision, mannequin, animatrice de podcast, elle est aussi connue pour ses interventions dans des \u00e9missions de t\u00e9l\u00e9r\u00e9alit\u00e9. Vogue Williams et Spencer Matthews, qui n&rsquo;est autre que le fr\u00e8re de <a data-ylk=\"slk:James;elm:context_link;itc:0;sec:content-canvas;\" data-yga=\"{&quot;yLinkElement&quot;:&quot;link&quot;,&quot;yLinkElementType&quot;:&quot;article_link&quot;}\" href=\"https:\/\/www.pointdevue.fr\/society\/actus\/coup-dur-pour-pippa-et-james-matthews-clap-de-fin-dun-grand-projet\" rel=\"noopener noreferrer nofollow\" target=\"_blank\">James<\/a>, l&rsquo;\u00e9poux de <a data-ylk=\"slk:Pippa;elm:context_link;itc:0;sec:content-canvas;\" data-yga=\"{&quot;yLinkElement&quot;:&quot;link&quot;,&quot;yLinkElementType&quot;:&quot;article_link&quot;}\" href=\"https:\/\/www.pointdevue.fr\/grand-angle\/biographies\/pippa-middleton\" rel=\"noopener noreferrer nofollow\" target=\"_blank\">Pippa<\/a>, sont devenus des personnalit\u00e9s m\u00e9diatiques et sont aujourd&rsquo;hui stars des r\u00e9seaux sociaux. Une exposition aux antipodes de celle de Pippa Middleton, qui prot\u00e8ge farouchement sa vie priv\u00e9e et se tient depuis plusieurs ann\u00e9es \u00e0 distance des projecteurs.<\/p>\n<p>Changement de pr\u00e9nom en express !\u00a0<\/p>\n<p class=\"mb-4 text-lg md:leading-8 break-words\">D&rsquo;ailleurs, c&rsquo;est dans le podcast \u00ab\u00a0My Therapist Ghosted Me\u00a0\u00bb qu&rsquo;elle a l&rsquo;habitude d&rsquo;animer que Vogue Williams a fait une r\u00e9v\u00e9lation il y a quelques jours : le pr\u00e9nom initialement choisi pour leur quatri\u00e8me enfant \u00e9tait Elvis, en hommage \u00e0 la l\u00e9gende du rock&rsquo;n&rsquo;roll, mais elle a avou\u00e9 avec son mari avoir chang\u00e9 de pr\u00e9nom \u00e0 la derni\u00e8re minute ! Une chose reste toutefois en suspens : le nouveau pr\u00e9nom de ce nouveau-n\u00e9, que ses parents ne devraient pas tarder \u00e0 annoncer. Affaire \u00e0 suivre\u2026\u00a0<\/p>\n<p class=\"mb-4 text-lg md:leading-8 break-words\">Lire aussi &gt;&gt; La princesse Eugenie publie de nouvelles photos de sa petite Adelaide, un mois apr\u00e8s sa naissance<\/p>\n","protected":false},"excerpt":{"rendered":"Notre petit gar\u00e7on est bien arriv\u00e9\u2026 La maison regorge d&rsquo;excitation, d&rsquo;amour et de bonheur, et nous ne pourrions&hellip;\n","protected":false},"author":2,"featured_media":288402,"comment_status":"","ping_status":"","sticky":false,"template":"","format":"standard","meta":{"footnotes":"","_share_on_mastodon":"0"},"categories":[15],"tags":[158,157,62700,113,112,62697,62702,62701,62696,159,62698,23,11554,109,62703,62695,62699],"class_list":["post-288401","post","type-post","status-publish","format-standard","has-post-thumbnail","category-people","tag-celebrities","tag-celebrity","tag-deja-bien-arrondi","tag-divertissement","tag-entertainment","tag-instagram-ce-1","tag-la-princesse-eugenie-publie-de-nouvelles","tag-mari-avoir-change-de-prenom-a-la","tag-mari-spencer-matthews","tag-people","tag-spencer-matthews","tag-suisse","tag-telerealite","tag-une","tag-vogue-et-spencer","tag-vogue-williams","tag-vogue-williams-et"],"share_on_mastodon":{"url":"https:\/\/pubeurope.com\/@ch_fr\/117202747830407683","error":""},"_links":{"self":[{"href":"https:\/\/www.europesays.com\/ch-fr\/wp-json\/wp\/v2\/posts\/288401","targetHints":{"allow":["GET"]}}],"collection":[{"href":"https:\/\/www.europesays.com\/ch-fr\/wp-json\/wp\/v2\/posts"}],"about":[{"href":"https:\/\/www.europesays.com\/ch-fr\/wp-json\/wp\/v2\/types\/post"}],"author":[{"embeddable":true,"href":"https:\/\/www.europesays.com\/ch-fr\/wp-json\/wp\/v2\/users\/2"}],"replies":[{"embeddable":true,"href":"https:\/\/www.europesays.com\/ch-fr\/wp-json\/wp\/v2\/comments?post=288401"}],"version-history":[{"count":0,"href":"https:\/\/www.europesays.com\/ch-fr\/wp-json\/wp\/v2\/posts\/288401\/revisions"}],"wp:featuredmedia":[{"embeddable":true,"href":"https:\/\/www.europesays.com\/ch-fr\/wp-json\/wp\/v2\/media\/288402"}],"wp:attachment":[{"href":"https:\/\/www.europesays.com\/ch-fr\/wp-json\/wp\/v2\/media?parent=288401"}],"wp:term":[{"taxonomy":"category","embeddable":true,"href":"https:\/\/www.europesays.com\/ch-fr\/wp-json\/wp\/v2\/categories?post=288401"},{"taxonomy":"post_tag","embeddable":true,"href":"https:\/\/www.europesays.com\/ch-fr\/wp-json\/wp\/v2\/tags?post=288401"}],"curies":[{"name":"wp","href":"https:\/\/api.w.org\/{rel}","templated":true}]}}