{"id":288421,"date":"2026-09-02T18:10:17","date_gmt":"2026-09-02T18:10:17","guid":{"rendered":"https:\/\/www.europesays.com\/ch-fr\/288421\/"},"modified":"2026-09-02T18:10:17","modified_gmt":"2026-09-02T18:10:17","slug":"feux-en-plein-air-geneve-et-le-jura-levent-linterdiction","status":"publish","type":"post","link":"https:\/\/www.europesays.com\/ch-fr\/288421\/","title":{"rendered":"Feux en plein air: Gen\u00e8ve et le Jura l\u00e8vent l&rsquo;interdiction"},"content":{"rendered":"<p>Des feux pourront \u00e0 nouveau \u00eatre allum\u00e9s en plein air dans les cantons de Gen\u00e8ve et du Jura, sauf en for\u00eat. Les autorit\u00e9s des deux cantons ont lev\u00e9 l&rsquo;interdiction d\u00e9cid\u00e9e fin juillet. L&rsquo;assouplissement porte \u00e9galement sur la vente d&rsquo;engins pyrotechniques.<\/p>\n<p>Dans le canton de Gen\u00e8ve, il reste toutefois strictement interdit d&rsquo;allumer un feu en for\u00eat et \u00e0 moins de dix m\u00e8tres de la lisi\u00e8re foresti\u00e8re, y compris sur les places de pique-nique et de grillades. Ce dispositif reste en vigueur jusqu&rsquo;\u00e0 nouvel avis, ajoutent les autorit\u00e9s.<\/p>\n<p>Certaines restrictions restent encore en vigueur dans le Jura en for\u00eat et dans les p\u00e2turages bois\u00e9s o\u00f9 les feux \u00e0 m\u00eame le sol restent interdits.<\/p>\n<p>Les feux allum\u00e9s dans des foyers fixes et am\u00e9nag\u00e9s en dur, par exemple dans les cabanes foresti\u00e8res, sont \u00e0 nouveau autoris\u00e9s, a pr\u00e9cis\u00e9 le canton du Jura qui appelle toujours \u00e0 la plus grande prudence m\u00eame si le danger d&rsquo;incendie a recul\u00e9.<\/p>\n<p>Parall\u00e8lement, l&rsquo;Etablissement cantonal d&rsquo;assurance (ECA) du Jura l\u00e8ve l&rsquo;interdiction des feux d&rsquo;artifice qui \u00e9tait en vigueur depuis le 22 juillet. Ils \u00e9taient encore proscrits le week-end dernier lors de la Braderie de Porrentruy, ainsi que pour les festivit\u00e9s du 1er ao\u00fbt.<\/p>\n<p>Aussi \u00e0 Berne<\/p>\n<p>Il est \u00e0 nouveau possible de faire du feu en for\u00eat et \u00e0 proximit\u00e9 dans l&rsquo;ensemble du canton de Berne. Les pr\u00e9fets ont lev\u00e9 la semaine derni\u00e8re les interdictions en vigueur dans les arrondissements du Jura bernois, de Bienne, du Seeland, de Berne-Mittelland, de l&rsquo;Emmental, de la Haute-Argovie et de Thoune.<\/p>\n<p>Gr\u00e2ce aux r\u00e9centes pr\u00e9cipitations, le risque d&rsquo;incendie de for\u00eat s&rsquo;est att\u00e9nu\u00e9 dans l&rsquo;ensemble des arrondissements administratifs, mais il est encore existant, pr\u00e9cise le canton de Berne dans un communiqu\u00e9. Il est consid\u00e9r\u00e9 comme marqu\u00e9 (3 sur 5) dans l&rsquo;ensemble et comme fort (4 sur 5) au pied du Jura.<\/p>\n<p>Les pr\u00e9fets renouvellent donc leur appel \u00ab\u00a0\u00e0 la plus grande prudence\u00a0\u00bb. Il faut renoncer \u00e0 faire du feu en cas de vent. De plus, en for\u00eat et dans les p\u00e2turages bois\u00e9s ainsi qu&rsquo;\u00e0 proximit\u00e9, il est imp\u00e9ratif d&rsquo;utiliser un foyer fixe. Enfin, il ne faut jamais laisser un feu sans surveillance et il convient d&rsquo;\u00e9teindre imm\u00e9diatement les flamm\u00e8ches qui s&rsquo;en \u00e9chappent, est-il rappel\u00e9.<\/p>\n<p class=\"sources\">ats\/lan<\/p>\n","protected":false},"excerpt":{"rendered":"Des feux pourront \u00e0 nouveau \u00eatre allum\u00e9s en plein air dans les cantons de Gen\u00e8ve et du Jura,&hellip;\n","protected":false},"author":2,"featured_media":288422,"comment_status":"","ping_status":"","sticky":false,"template":"","format":"standard","meta":{"footnotes":"","_share_on_mastodon":"0"},"categories":[4],"tags":[22,818,2805,1835,1501,355,3701,169,1391,1250,21,18913,23],"class_list":["post-288421","post","type-post","status-publish","format-standard","has-post-thumbnail","category-actualites","tag-actualites","tag-canton-de-geneve","tag-canton-du-jura","tag-desastres","tag-desastres-et-accidents","tag-environnement","tag-foret","tag-geneve","tag-incendie","tag-interdiction","tag-news","tag-secheresse","tag-suisse"],"share_on_mastodon":{"url":"https:\/\/pubeurope.com\/@ch_fr\/117202794792590065","error":""},"_links":{"self":[{"href":"https:\/\/www.europesays.com\/ch-fr\/wp-json\/wp\/v2\/posts\/288421","targetHints":{"allow":["GET"]}}],"collection":[{"href":"https:\/\/www.europesays.com\/ch-fr\/wp-json\/wp\/v2\/posts"}],"about":[{"href":"https:\/\/www.europesays.com\/ch-fr\/wp-json\/wp\/v2\/types\/post"}],"author":[{"embeddable":true,"href":"https:\/\/www.europesays.com\/ch-fr\/wp-json\/wp\/v2\/users\/2"}],"replies":[{"embeddable":true,"href":"https:\/\/www.europesays.com\/ch-fr\/wp-json\/wp\/v2\/comments?post=288421"}],"version-history":[{"count":0,"href":"https:\/\/www.europesays.com\/ch-fr\/wp-json\/wp\/v2\/posts\/288421\/revisions"}],"wp:featuredmedia":[{"embeddable":true,"href":"https:\/\/www.europesays.com\/ch-fr\/wp-json\/wp\/v2\/media\/288422"}],"wp:attachment":[{"href":"https:\/\/www.europesays.com\/ch-fr\/wp-json\/wp\/v2\/media?parent=288421"}],"wp:term":[{"taxonomy":"category","embeddable":true,"href":"https:\/\/www.europesays.com\/ch-fr\/wp-json\/wp\/v2\/categories?post=288421"},{"taxonomy":"post_tag","embeddable":true,"href":"https:\/\/www.europesays.com\/ch-fr\/wp-json\/wp\/v2\/tags?post=288421"}],"curies":[{"name":"wp","href":"https:\/\/api.w.org\/{rel}","templated":true}]}}