{"id":288437,"date":"2026-09-02T18:23:15","date_gmt":"2026-09-02T18:23:15","guid":{"rendered":"https:\/\/www.europesays.com\/ch-fr\/288437\/"},"modified":"2026-09-02T18:23:15","modified_gmt":"2026-09-02T18:23:15","slug":"mbappe-un-franco-suisse-projetait-denlever-la-star-du-football","status":"publish","type":"post","link":"https:\/\/www.europesays.com\/ch-fr\/288437\/","title":{"rendered":"Mbapp\u00e9: un Franco-Suisse projetait d\u2019enlever la star du football"},"content":{"rendered":"\n<p>        \u2013   <\/p>\n<p> Ce Franco-Suisse dirigeait un projet d\u2019enl\u00e8vement visant Kylian Mbapp\u00e9 <\/p>\n<p class=\"lead regular externalicon-big astro-odojtzmo\"> D\u00e9j\u00e0 d\u00e9tenu pour viol et prox\u00e9n\u00e9tisme, il avait dress\u00e9 une liste de 26\u00a0personnalit\u00e9s \u00e0 kidnapper. Une tentative d\u2019agression contre un horloger a permis de d\u00e9jouer ses projets.  <\/p>\n<p>   <img loading=\"lazy\" decoding=\"async\" src=\"https:\/\/www.europesays.com\/ch-fr\/wp-content\/uploads\/2026\/09\/1788373394_304_F2qXE9C14_591b2wcyHmGS.jpg\"  width=\"100\" height=\"100\"  alt=\"Salom\u00e9 Philipp\" class=\"AuthorImage -content-head authorimage astro-ivm7rlur astro-uymtm5hg\" style=\"background-color:#808080\"\/>         Publi\u00e9 aujourd\u2019hui \u00e0 17h55                           LinkedIn Lien copi\u00e9 Error occurred        Facebook Lien copi\u00e9 Error occurred        X Lien copi\u00e9 Error occurred           E-mail Lien copi\u00e9 Error occurred        Copier le lien Lien copi\u00e9 Error occurred                    <img decoding=\"async\" loading=\"eager\" fetchpriority=\"high\" src=\"https:\/\/www.europesays.com\/ch-fr\/wp-content\/uploads\/2026\/09\/9qayfDt04PcA6LD0mAXq60.jpg\" data-image-url=\"https:\/\/www.europesays.com\/ch-fr\/wp-content\/uploads\/2026\/09\/9qayfDt04PcA6LD0mAXq60.jpg\" alt=\"Kylian Mbapp\u00e9 du Real Madrid contr\u00f4le le ballon lors du match de Liga contre Malaga au stade Santiago Bernab\u00e9u \u00e0 Madrid.\" title=\"Kylian Mbapp\u00e9 du Real Madrid contr\u00f4le le ballon lors du match de Liga contre Malaga au stade Santiago Bernab\u00e9u \u00e0 Madrid.\" class=\"ResponsiveImage responsive-image astro-xbt4piv4\" style=\"background-color:#665E5F\" onload=\"this.style.backgroundColor = &quot;transparent&quot;\"\/>           <\/p>\n<p>Un projet criminel au sc\u00e9nario rocambolesque visait Kylian Mbapp\u00e9 et 25 autres personnalit\u00e9s.<\/p>\n<p>AFP<\/p>\n<p class=\"astro-gkn4pfbc articleParagraph externalicon-big focus _content-width article-element astro-bqhs6jcx\">Un projet criminel au sc\u00e9nario rocambolesque visait <a class=\"noExternalIcon astro-bqhs6jcx\" target=\"_self\" href=\"https:\/\/www.24heures.ch\/comment-kylian-mbappe-est-re-devenu-le-meilleur-joueur-du-monde-424938649865\" data-article-link=\"https:\/\/www.24heures.ch\/comment-kylian-mbappe-est-re-devenu-le-meilleur-joueur-du-monde-424938649865\" rel=\"nofollow noopener\">Kylian Mbapp\u00e9<\/a> et 25 autres personnalit\u00e9s. Selon des informations r\u00e9v\u00e9l\u00e9es ce mercredi par nos confr\u00e8res du \u00ab<a class=\" astro-bqhs6jcx\" target=\"_blank\" rel=\"noopener noreferrer nofollow\" href=\"https:\/\/www.leparisien.fr\/faits-divers\/riche-grossiste-en-viande-horloger-kylian-mbappe-les-troublants-projets-denlevement-de-lester-z-02-09-2026-CJWB7MJUKFGRPBFR3GIGDJL37I.php\" data-article-link=\"https:\/\/www.leparisien.fr\/faits-divers\/riche-grossiste-en-viande-horloger-kylian-mbappe-les-troublants-projets-denlevement-de-lester-z-02-09-2026-CJWB7MJUKFGRPBFR3GIGDJL37I.php\">Parisien<\/a>\u00bb et relay\u00e9es par \u00ab<a class=\" astro-bqhs6jcx\" target=\"_blank\" rel=\"noopener noreferrer nofollow\" href=\"https:\/\/www.20min.ch\/fr\/story\/football-un-franco-suisse-entendait-enlever-kylian-mbappe-103626444\" data-article-link=\"https:\/\/www.20min.ch\/fr\/story\/football-un-franco-suisse-entendait-enlever-kylian-mbappe-103626444\">20\u00a0Minutes<\/a>\u00bb, le capitaine de l\u2019\u00e9quipe de France figurait parmi les cibles d\u2019un plan d\u2019enl\u00e8vement men\u00e9 par un jeune Franco-Suisse de 18\u00a0ans.<\/p>\n<p class=\"astro-gkn4pfbc articleParagraph externalicon-big focus _content-width article-element astro-bqhs6jcx\">Surnomm\u00e9 \u00abLester Z\u00bb et \u00e2g\u00e9 de 18\u00a0ans, le cerveau pr\u00e9sum\u00e9 aurait r\u00e9dig\u00e9 depuis sa cellule de prison une liste noire regroupant 26\u00a0noms, dont celui de la superstar madril\u00e8ne et d\u2019un rappeur fran\u00e7ais.<\/p>\n<p> Le Franco-Suisse interpell\u00e9<\/p>\n<p class=\"astro-gkn4pfbc articleParagraph externalicon-big focus _content-width article-element astro-bqhs6jcx\">L\u2019affaire a bascul\u00e9 lors des investigations men\u00e9es par la brigade de r\u00e9pression du banditisme de Paris apr\u00e8s une tentative d\u2019attaque visant un horloger \u00e0 Neuilly-sur-Seine. En analysant les deux t\u00e9l\u00e9phones portables du suspect, les enqu\u00eateurs ont mis la main sur ce r\u00e9pertoire d\u2019adresses particuli\u00e8rement sensible. Le jeune homme, d\u00e9j\u00e0 incarc\u00e9r\u00e9 \u00e0 Villepinte pour viol, prox\u00e9n\u00e9tisme et vol en bande organis\u00e9e, continuait de piloter ses complices \u00e0 distance entre autres via l\u2019application Snapchat.<\/p>\n<p class=\"astro-gkn4pfbc articleParagraph externalicon-big focus _content-width article-element astro-bqhs6jcx\">Interpell\u00e9 le 19\u00a0ao\u00fbt dernier \u00e0 la sortie du Tribunal de Bobigny puis mis en examen deux jours plus tard \u00e0 Nanterre, le Franco-Suisse a reconnu une partie des faits tout en minimisant son r\u00f4le, affirmant n\u2019avoir \u00e9t\u00e9 qu\u2019un interm\u00e9diaire.<\/p>\n<p class=\"boxtitle astro-hwrdf5ss astro-bqhs6jcx\">Plus d\u2019articles sur Kylian Mbapp\u00e9<\/p>\n<p>      Newsletter    <\/p>\n<p>\u00abLe meilleur du journalisme europ\u00e9en\u00bb<\/p>\n<p> Plongez dans notre s\u00e9lection d\u2019articles issus de nos partenaires LENA. <\/p>\n<p class=\"astro-2yzsvld2\"> <a class=\"more astro-2yzsvld2\" href=\"https:\/\/www.24heures.ch\/nos-newsletters\" rel=\"nofollow noopener\" target=\"_blank\"> Autres newsletters <\/a> <\/p>\n<p>       Se connecter       <\/p>\n","protected":false},"excerpt":{"rendered":"\u2013 Ce Franco-Suisse dirigeait un projet d\u2019enl\u00e8vement visant Kylian Mbapp\u00e9 D\u00e9j\u00e0 d\u00e9tenu pour viol et prox\u00e9n\u00e9tisme, il avait&hellip;\n","protected":false},"author":2,"featured_media":288438,"comment_status":"","ping_status":"","sticky":false,"template":"","format":"standard","meta":{"footnotes":"","_share_on_mastodon":"0"},"categories":[8],"tags":[195,11309,6487,75,37,194,23],"class_list":["post-288437","post","type-post","status-publish","format-standard","has-post-thumbnail","category-sports","tag-content-en-continu","tag-facts","tag-kylian-mbappe","tag-sports","tag-stats-seo","tag-stats-seo-trends","tag-suisse"],"share_on_mastodon":{"url":"https:\/\/pubeurope.com\/@ch_fr\/117202846703207390","error":""},"_links":{"self":[{"href":"https:\/\/www.europesays.com\/ch-fr\/wp-json\/wp\/v2\/posts\/288437","targetHints":{"allow":["GET"]}}],"collection":[{"href":"https:\/\/www.europesays.com\/ch-fr\/wp-json\/wp\/v2\/posts"}],"about":[{"href":"https:\/\/www.europesays.com\/ch-fr\/wp-json\/wp\/v2\/types\/post"}],"author":[{"embeddable":true,"href":"https:\/\/www.europesays.com\/ch-fr\/wp-json\/wp\/v2\/users\/2"}],"replies":[{"embeddable":true,"href":"https:\/\/www.europesays.com\/ch-fr\/wp-json\/wp\/v2\/comments?post=288437"}],"version-history":[{"count":0,"href":"https:\/\/www.europesays.com\/ch-fr\/wp-json\/wp\/v2\/posts\/288437\/revisions"}],"wp:featuredmedia":[{"embeddable":true,"href":"https:\/\/www.europesays.com\/ch-fr\/wp-json\/wp\/v2\/media\/288438"}],"wp:attachment":[{"href":"https:\/\/www.europesays.com\/ch-fr\/wp-json\/wp\/v2\/media?parent=288437"}],"wp:term":[{"taxonomy":"category","embeddable":true,"href":"https:\/\/www.europesays.com\/ch-fr\/wp-json\/wp\/v2\/categories?post=288437"},{"taxonomy":"post_tag","embeddable":true,"href":"https:\/\/www.europesays.com\/ch-fr\/wp-json\/wp\/v2\/tags?post=288437"}],"curies":[{"name":"wp","href":"https:\/\/api.w.org\/{rel}","templated":true}]}}