{"id":288447,"date":"2026-09-02T18:28:11","date_gmt":"2026-09-02T18:28:11","guid":{"rendered":"https:\/\/www.europesays.com\/ch-fr\/288447\/"},"modified":"2026-09-02T18:28:11","modified_gmt":"2026-09-02T18:28:11","slug":"lepidemie-debola-en-rdc-devient-la-plus-meurtriere-dafrique-avec-plus-de-3000-morts","status":"publish","type":"post","link":"https:\/\/www.europesays.com\/ch-fr\/288447\/","title":{"rendered":"L\u2019\u00e9pid\u00e9mie d\u2019Ebola en RDC devient la plus meurtri\u00e8re d\u2019Afrique avec plus de 3000 morts"},"content":{"rendered":"<p>    R\u00e9sum\u00e9 en 20 secondes<\/p>\n<p>        En savoir plus sur ce type de contenu<\/p>\n<p>Ce r\u00e9sum\u00e9 peut avoir \u00e9t\u00e9 \u00e9crit avec l&rsquo;assistance d\u2019une IA g\u00e9n\u00e9rative. <a href=\"https:\/\/www.letemps.ch\/cyber\/l-usage-de-l-ia-generative-par-les-journalistes-du-temps\" rel=\"nofollow noopener\" target=\"_blank\">En savoir plus<\/a><\/p>\n<p class=\"article__abstract-call-to-action\" data-ariato=\"TrackableElement\" data-trackable-element-type=\"article_abstract_cta\" data-trackable-element-location=\"article_header\" data-trackable-element-id=\"541371\">\n        <a data-event=\"click-&gt;clicked\" href=\"https:\/\/www.letemps.ch\/abonnements\" rel=\"nofollow noopener\" target=\"_blank\">Abonnez-vous<\/a> pour acc\u00e9der au r\u00e9sum\u00e9 en 20 secondes.\n      <\/p>\n<p>Les mots sont d\u00e9sormais plus graves. Devant les correspondants du Palais des Nations, le directeur g\u00e9n\u00e9ral de l\u2019Organisation mondiale de la sant\u00e9 (OMS), Tedros Adhanom\u00a0Ghebreyesus, ne s\u2019est pas voil\u00e9 la face: \u00abL\u2019actuelle \u00e9pid\u00e9mie d\u2019Ebola en R\u00e9publique d\u00e9mocratique du Congo (RCD) est la deuxi\u00e8me plus importante jamais enregistr\u00e9e et celle qui se propage le plus rapidement.\u00bb Le patron de l\u2019OMS a confirm\u00e9 les chiffres publi\u00e9s un peu plus t\u00f4t par l\u2019Institut national de sant\u00e9 publique congolais (INSP): cette \u00e9pid\u00e9mie d\u2019Ebola dont la souche est d\u00e9nomm\u00e9e \u00abBundibugyo\u00bb est la plus meurtri\u00e8re de l\u2019histoire du continent: plus de 3000 morts et plus de 6000 cas d\u2019infections recens\u00e9s. Cette souche demeure tr\u00e8s mortelle avec un taux de l\u00e9talit\u00e9 de 48,6%. Pour rappel, la pire \u00e9pid\u00e9mie d\u2019Ebola en RDC, entre 2018 et 2020, avait fait 2300 morts. Au cours des cinquante derni\u00e8res ann\u00e9es, plus de 15\u00a0000 personnes sont mortes de la fi\u00e8vre h\u00e9morragique en Afrique.<\/p>\n<p>Six provinces de RDC sont touch\u00e9es, mais celle qui demeure l\u2019\u00e9picentre de l\u2019\u00e9pid\u00e9mie demeure l\u2019Ituri. \u00abOn y a identifi\u00e9 85% des cas d\u2019infection et 88% des d\u00e9c\u00e8s, souligne le docteur Tedros. Et la plupart des morts se recensent parmi des contacts inconnus. C\u2019est pourquoi il est imp\u00e9ratif de casser les cha\u00eenes de transmission \u2013 sans quoi l\u2019\u00e9pid\u00e9mie va continuer \u00e0 se propager.\u00bb<\/p>\n","protected":false},"excerpt":{"rendered":"R\u00e9sum\u00e9 en 20 secondes En savoir plus sur ce type de contenu Ce r\u00e9sum\u00e9 peut avoir \u00e9t\u00e9 \u00e9crit&hellip;\n","protected":false},"author":2,"featured_media":288448,"comment_status":"","ping_status":"","sticky":false,"template":"","format":"standard","meta":{"footnotes":"","_share_on_mastodon":"0"},"categories":[4],"tags":[22,19726,1094,421,21,9066,1777,174,84,59,23],"class_list":["post-288447","post","type-post","status-publish","format-standard","has-post-thumbnail","category-actualites","tag-actualites","tag-epidemies","tag-geneve-internationale","tag-monde","tag-news","tag-oms","tag-onu","tag-premium","tag-sante","tag-sciences","tag-suisse"],"share_on_mastodon":{"url":"https:\/\/pubeurope.com\/@ch_fr\/117202865696205477","error":""},"_links":{"self":[{"href":"https:\/\/www.europesays.com\/ch-fr\/wp-json\/wp\/v2\/posts\/288447","targetHints":{"allow":["GET"]}}],"collection":[{"href":"https:\/\/www.europesays.com\/ch-fr\/wp-json\/wp\/v2\/posts"}],"about":[{"href":"https:\/\/www.europesays.com\/ch-fr\/wp-json\/wp\/v2\/types\/post"}],"author":[{"embeddable":true,"href":"https:\/\/www.europesays.com\/ch-fr\/wp-json\/wp\/v2\/users\/2"}],"replies":[{"embeddable":true,"href":"https:\/\/www.europesays.com\/ch-fr\/wp-json\/wp\/v2\/comments?post=288447"}],"version-history":[{"count":0,"href":"https:\/\/www.europesays.com\/ch-fr\/wp-json\/wp\/v2\/posts\/288447\/revisions"}],"wp:featuredmedia":[{"embeddable":true,"href":"https:\/\/www.europesays.com\/ch-fr\/wp-json\/wp\/v2\/media\/288448"}],"wp:attachment":[{"href":"https:\/\/www.europesays.com\/ch-fr\/wp-json\/wp\/v2\/media?parent=288447"}],"wp:term":[{"taxonomy":"category","embeddable":true,"href":"https:\/\/www.europesays.com\/ch-fr\/wp-json\/wp\/v2\/categories?post=288447"},{"taxonomy":"post_tag","embeddable":true,"href":"https:\/\/www.europesays.com\/ch-fr\/wp-json\/wp\/v2\/tags?post=288447"}],"curies":[{"name":"wp","href":"https:\/\/api.w.org\/{rel}","templated":true}]}}