{"id":288461,"date":"2026-09-02T18:41:12","date_gmt":"2026-09-02T18:41:12","guid":{"rendered":"https:\/\/www.europesays.com\/ch-fr\/288461\/"},"modified":"2026-09-02T18:41:12","modified_gmt":"2026-09-02T18:41:12","slug":"vuelta-matthew-brennan-signe-sa-3e-victoire-sur-la-11e-etape","status":"publish","type":"post","link":"https:\/\/www.europesays.com\/ch-fr\/288461\/","title":{"rendered":"Vuelta : Matthew Brennan signe sa 3e victoire sur la 11e \u00e9tape"},"content":{"rendered":"<p>Matthew Brennan poursuit sa s\u00e9rie de victoires sur la Vuelta. Le Britannique a remport\u00e9 son 3e succ\u00e8s lors de la 11e \u00e9tape entre Carthag\u00e8ne et Lorca, alors qu&rsquo;Enric Mas conserve le maillot rouge.<\/p>\n<p>Une fois de plus, Brennan a b\u00e9n\u00e9fici\u00e9 du travail parfait de ses co\u00e9quipiers Wout van Aert et Christophe Laporte, qui ont parfaitement guid\u00e9 le cycliste de 21 ans jusqu&rsquo;\u00e0 la ligne d&rsquo;arriv\u00e9e. Les autres sprinteurs n\u2019ont pas pu d\u00e9passer le jeune Anglais qui dispute son premier tour de trois semaines. Brennan avait d\u00e9j\u00e0 remport\u00e9 les 2e et 5e \u00e9tapes lors d&rsquo;un sprint massif.<\/p>\n<p>Au classement g\u00e9n\u00e9ral, Enric Mas conserve la t\u00eate avec 1&rsquo;18 d\u2019avance sur le Slov\u00e8ne Primoz Roglic et 1&rsquo;39 d\u2019avance sur le troisi\u00e8me Felix Gall.<\/p>\n<p>Apr\u00e8s deux \u00e9tapes plus faciles, la 12e \u00e9tape de jeudi marque le retour en montagne. C&rsquo;est \u00e0 l&rsquo;observatoire de Calar Alto, \u00e0 2210m d&rsquo;altitude, que se d\u00e9roulera la prochaine arriv\u00e9e en montagne. Sur ces 167km, le peloton, compos\u00e9 notamment des Suisses Stefan K\u00fcng, Fabian Weiss et Roland Thalmann, devra franchir plus de 4500m de d\u00e9nivel\u00e9.<\/p>\n<p class=\"sources\">ats\/efas<\/p>\n","protected":false},"excerpt":{"rendered":"Matthew Brennan poursuit sa s\u00e9rie de victoires sur la Vuelta. Le Britannique a remport\u00e9 son 3e succ\u00e8s lors&hellip;\n","protected":false},"author":2,"featured_media":288462,"comment_status":"","ping_status":"","sticky":false,"template":"","format":"standard","meta":{"footnotes":"","_share_on_mastodon":"0"},"categories":[8],"tags":[35548,26695,60724,62716,60725,1105,13622,35550,1107,2481,60010,62717,58786,466,186,75,916,23,58788,31396,1224,57529],"class_list":["post-288461","post","type-post","status-publish","format-standard","has-post-thumbnail","category-sports","tag-11e-etape","tag-bora-hansgrohe","tag-bryan-coquard","tag-carthagene","tag-cofidis","tag-cyclisme","tag-cyclisme-sur-route","tag-enric-mas","tag-etape","tag-grande-bretagne","tag-jordi-meeus","tag-lorca","tag-matthew-brennan","tag-rts-sport","tag-sport","tag-sports","tag-succes","tag-suisse","tag-team-visma-lease-a-bike-development","tag-tour-despagne","tag-victoire","tag-world-tour-vuelta"],"share_on_mastodon":{"url":"https:\/\/pubeurope.com\/@ch_fr\/117202916937628992","error":""},"_links":{"self":[{"href":"https:\/\/www.europesays.com\/ch-fr\/wp-json\/wp\/v2\/posts\/288461","targetHints":{"allow":["GET"]}}],"collection":[{"href":"https:\/\/www.europesays.com\/ch-fr\/wp-json\/wp\/v2\/posts"}],"about":[{"href":"https:\/\/www.europesays.com\/ch-fr\/wp-json\/wp\/v2\/types\/post"}],"author":[{"embeddable":true,"href":"https:\/\/www.europesays.com\/ch-fr\/wp-json\/wp\/v2\/users\/2"}],"replies":[{"embeddable":true,"href":"https:\/\/www.europesays.com\/ch-fr\/wp-json\/wp\/v2\/comments?post=288461"}],"version-history":[{"count":0,"href":"https:\/\/www.europesays.com\/ch-fr\/wp-json\/wp\/v2\/posts\/288461\/revisions"}],"wp:featuredmedia":[{"embeddable":true,"href":"https:\/\/www.europesays.com\/ch-fr\/wp-json\/wp\/v2\/media\/288462"}],"wp:attachment":[{"href":"https:\/\/www.europesays.com\/ch-fr\/wp-json\/wp\/v2\/media?parent=288461"}],"wp:term":[{"taxonomy":"category","embeddable":true,"href":"https:\/\/www.europesays.com\/ch-fr\/wp-json\/wp\/v2\/categories?post=288461"},{"taxonomy":"post_tag","embeddable":true,"href":"https:\/\/www.europesays.com\/ch-fr\/wp-json\/wp\/v2\/tags?post=288461"}],"curies":[{"name":"wp","href":"https:\/\/api.w.org\/{rel}","templated":true}]}}