{"id":288527,"date":"2026-09-02T19:37:10","date_gmt":"2026-09-02T19:37:10","guid":{"rendered":"https:\/\/www.europesays.com\/ch-fr\/288527\/"},"modified":"2026-09-02T19:37:10","modified_gmt":"2026-09-02T19:37:10","slug":"jessica-pegula-ecarte-sofia-kenin-et-se-qualifie-au-troisieme-tour-de-lus-open-lequipe","status":"publish","type":"post","link":"https:\/\/www.europesays.com\/ch-fr\/288527\/","title":{"rendered":"Jessica Pegula \u00e9carte Sofia Kenin et se qualifie au troisi\u00e8me tour de l&#039;US Open &#8211; L&#039;\u00c9quipe"},"content":{"rendered":"<p><a href=\"https:\/\/news.google.com\/rss\/articles\/CBMixwFBVV95cUxQZ0hlMlNVeXFDd0pkRXY2aVBrZERhV1dhYjF4cjZkX3NETFhkNGNBMDJjaFNjWGpJelRldWUzbEhhZ3gtckxiNmRmTUktRUx5eVpocWtiWV80MzUzYzFiT2kwRElKdmNUZ3JySEY4RE5IRFY5UE83aUZ1QkFHQy1xeTB3U2txazZaZ0tLeTl4TFFDMmVTQTNpSVp0LVBSUTJxcHpRM3E5UVQwVUFRZDc5QWtScHRuZTlIOUxNdXE5cnUtSjM3b0ZR?oc=5\" target=\"_blank\" rel=\"nofollow noopener\">Jessica Pegula \u00e9carte Sofia Kenin et se qualifie au troisi\u00e8me tour de l&rsquo;US Open<\/a>&nbsp;&nbsp;L&rsquo;\u00c9quipe<a href=\"https:\/\/news.google.com\/rss\/articles\/CBMiwAFBVV95cUxPcmxxeHAtNjBjUHVYUGsybW9TMTRLS1VJdWtlTWg4UDZES1kzRlJGNzlDbGlRSUF6M1ZWeEh0QmxMMEFZa09LU0VzZTZKNEN5QkMza1ZIekRCVjlTckRWcnItVVphazlTWmdvTnJkeFR4OS1fMHFHVGd0MXZoa01rdU1wdUVjUzZmMzRudnA4eFlsZTlGREdxZ2RmY1BsYWJJcUJnRjczTkdoZi1GTDB5aC1feGZuZVNFS2VpV1RGWErSAb8BQVVfeXFMTk4wNmxCNDl5QVBrSm5EZ0FlSnRfMnZ1cUxJbi1mcTVENDBZd3hkZW9HenplNUZMZF9ja2o3Q3kwRWI5RkJmOERpYmVGanRLblhVWFpmTnc1V1g5eW54ZkZ4RWR2M0lNZm5ib0pkd2F6TWVHNzZUaEV3QzhTb0lncUNsWkp2VG9NZjRsTFI4S1RscWduc0wtXzVocnRwaHZ0TWE1V083anlhN2d2MjB5VWRxZDYwZGNSMHlsYWZTa2s?oc=5\" target=\"_blank\" rel=\"nofollow noopener\">WTA &#8211; US Open : Pegula et Kostyuk filent au deuxi\u00e8me tour : Sports &#8211; Orange<\/a>&nbsp;&nbsp;Sports &#8211; Orange<a href=\"https:\/\/news.google.com\/rss\/articles\/CBMi5AFBVV95cUxPVEZNOW5DS1ZqLVVLLWctMVpYOGlDR2hlWVIzQWlYVmQ0b25ZQWQ4XzIzUVI0WkhXdkZRSkNicUtfYXVGNV9UQnE2RjNNWEdPYmg3d3E0dGl5MllMMXd0dDlWd0xnWnVuSU5aX2hobnJMZ185RjkyR25FUFRqb2RNbFV2R2ZQTlVMX1dqM1NwYW84bS1DZmI4U0RnVFlEeDFMSXljZDMydnNYWC10cTJJMjRUTTVRbk9wcXlPZVFiTGR5YWtVWE5uaDBVZ3hUbGZ0QWZEaG5aY3A0RTQxaDJXTVJmYmg?oc=5\" target=\"_blank\" rel=\"nofollow noopener\">La journ\u00e9e des favorites : Pegula sans piti\u00e9 face \u00e0 Kenin<\/a>&nbsp;&nbsp;Eurosport<a href=\"https:\/\/news.google.com\/rss\/articles\/CBMixwFBVV95cUxOTGU3ZEMwSGpybTlfcWUxOE5TYWFWbVZYenVTSVZPS1NxdEQySVFEZVBVWnBwRDNGY2pkbnk3Ml9NcnVFOEhfUWNnQ1BjSzg5dTZvOWJUY3RSNU5ETXRZQU5DUEFyeUhTM2NKQU9Wdm1xdXFOVF9rN2dhY0hFYzVBbkJCVEpObFN0bmtLbmhudjBfUTkwM3pvakdJLVJzZ2h3Xzdod1piUmJDSGRtRkpZQ1daZmdtZm1WOGk3R0U2bFpoOFRmenBz?oc=5\" target=\"_blank\" rel=\"nofollow noopener\">Jessica Pegula : \u00ab la meilleure chose avec le tennis, c\u2019est qu\u2019il y a \u00e9norm\u00e9ment de diversit\u00e9 \u00bb<\/a>&nbsp;&nbsp;Univers Tennis<a href=\"https:\/\/news.google.com\/rss\/articles\/CBMi7wFBVV95cUxQTGtGWG9YaGtGWlUtVkkyR1NYdFJYUDdyQ3pSbXFHeUNkWTNYZkV1UWN0UUlleDlxY1d5M1FSYjhqWFFvNkpKVF8ybTc5Z2I5QnMwWE9JZjljWUhGTFdnYTg5eDhFaDJqb0xOQnlielFzOFU4TjVPUk9HVWJWOHhpd29MbTFBdzJ3VlZmVVF5T3hia2FZLUFlU0dyZHFnWmw5R1AzQ2NxNUZuMEp4ZlpGbXUwQnR1QUJ3VHEyb0dDajJGbEsyQ05yWkVNalNMdjAxWUlfNnA2LVdvNzN5dkxFQktQeWJZT2FlU1NWUDZGNA?oc=5\" target=\"_blank\" rel=\"nofollow noopener\">US Open: Pegula lance bien sa quinzaine, Djokovic et Venus Williams attendus en soir\u00e9e<\/a>&nbsp;&nbsp;DHnet<\/p>\n","protected":false},"excerpt":{"rendered":"Jessica Pegula \u00e9carte Sofia Kenin et se qualifie au troisi\u00e8me tour de l&rsquo;US Open&nbsp;&nbsp;L&rsquo;\u00c9quipeWTA &#8211; US Open :&hellip;\n","protected":false},"author":2,"featured_media":288528,"comment_status":"","ping_status":"","sticky":false,"template":"","format":"standard","meta":{"footnotes":"","_share_on_mastodon":"0"},"categories":[8],"tags":[14737,125,17521,62727,82,75,23,4344,42963],"class_list":["post-288527","post","type-post","status-publish","format-standard","has-post-thumbnail","category-sports","tag-jessica-pegula","tag-redaction","tag-resumes-et-cr","tag-sofia-kenin","tag-sport-feminin","tag-sports","tag-suisse","tag-tennis","tag-us-open"],"share_on_mastodon":{"url":"https:\/\/pubeurope.com\/@ch_fr\/117203137111431002","error":""},"_links":{"self":[{"href":"https:\/\/www.europesays.com\/ch-fr\/wp-json\/wp\/v2\/posts\/288527","targetHints":{"allow":["GET"]}}],"collection":[{"href":"https:\/\/www.europesays.com\/ch-fr\/wp-json\/wp\/v2\/posts"}],"about":[{"href":"https:\/\/www.europesays.com\/ch-fr\/wp-json\/wp\/v2\/types\/post"}],"author":[{"embeddable":true,"href":"https:\/\/www.europesays.com\/ch-fr\/wp-json\/wp\/v2\/users\/2"}],"replies":[{"embeddable":true,"href":"https:\/\/www.europesays.com\/ch-fr\/wp-json\/wp\/v2\/comments?post=288527"}],"version-history":[{"count":0,"href":"https:\/\/www.europesays.com\/ch-fr\/wp-json\/wp\/v2\/posts\/288527\/revisions"}],"wp:featuredmedia":[{"embeddable":true,"href":"https:\/\/www.europesays.com\/ch-fr\/wp-json\/wp\/v2\/media\/288528"}],"wp:attachment":[{"href":"https:\/\/www.europesays.com\/ch-fr\/wp-json\/wp\/v2\/media?parent=288527"}],"wp:term":[{"taxonomy":"category","embeddable":true,"href":"https:\/\/www.europesays.com\/ch-fr\/wp-json\/wp\/v2\/categories?post=288527"},{"taxonomy":"post_tag","embeddable":true,"href":"https:\/\/www.europesays.com\/ch-fr\/wp-json\/wp\/v2\/tags?post=288527"}],"curies":[{"name":"wp","href":"https:\/\/api.w.org\/{rel}","templated":true}]}}