{"id":288539,"date":"2026-09-02T19:43:13","date_gmt":"2026-09-02T19:43:13","guid":{"rendered":"https:\/\/www.europesays.com\/ch-fr\/288539\/"},"modified":"2026-09-02T19:43:13","modified_gmt":"2026-09-02T19:43:13","slug":"stephane-bern-ce-bon-conseil-que-lui-a-donne-cyril-feraud","status":"publish","type":"post","link":"https:\/\/www.europesays.com\/ch-fr\/288539\/","title":{"rendered":"St\u00e9phane Bern\u00a0: ce bon conseil que lui a donn\u00e9 Cyril F\u00e9raud"},"content":{"rendered":"<p>Passage de flambeau.\u00a0<a href=\"https:\/\/www.journaldesfemmes.fr\/people\/stephane-bern\/\" title=\"St\u00e9phane Bern\" rel=\"nofollow noopener\" target=\"_blank\">St\u00e9phane Bern<\/a>, qui succ\u00e8de \u00e0 Cyril F\u00e9raud aux commandes de l&rsquo;\u00e9mission La carte aux tr\u00e9sors sur France 3, a re\u00e7u quelques bons conseils de son pr\u00e9d\u00e9cesseur pour ce nouveau job. \u00ab\u00a0Je suis tr\u00e8s ami avec Cyril F\u00e9raud, qui m&rsquo;a donn\u00e9 de bons conseils. Il m&rsquo;a recommand\u00e9 de manger en h\u00e9licopt\u00e8re pour ne pas \u00eatre malade. La cam\u00e9ra est \u00e0 l&rsquo;arri\u00e8re, et \u00e7a d\u00e9stabilise l&rsquo;oreille interne\u00a0\u00bb, a confi\u00e9 l&rsquo;animateur de 62 ans \u00e0 T\u00e9l\u00e9 7 Jours.<\/p>\n","protected":false},"excerpt":{"rendered":"Passage de flambeau.\u00a0St\u00e9phane Bern, qui succ\u00e8de \u00e0 Cyril F\u00e9raud aux commandes de l&rsquo;\u00e9mission La carte aux tr\u00e9sors sur&hellip;\n","protected":false},"author":2,"featured_media":288540,"comment_status":"","ping_status":"","sticky":false,"template":"","format":"standard","meta":{"footnotes":"","_share_on_mastodon":"0"},"categories":[20],"tags":[193,192,62728,203,1244,207,864,227,23],"class_list":["post-288539","post","type-post","status-publish","format-standard","has-post-thumbnail","category-berne","tag-bern","tag-berne","tag-cms-journaldesfemmes-3276785","tag-controller-content","tag-format-reportage","tag-les-histoires-du-jdf","tag-magazine","tag-stephane-bern","tag-suisse"],"share_on_mastodon":{"url":"https:\/\/pubeurope.com\/@ch_fr\/117203160466146941","error":""},"_links":{"self":[{"href":"https:\/\/www.europesays.com\/ch-fr\/wp-json\/wp\/v2\/posts\/288539","targetHints":{"allow":["GET"]}}],"collection":[{"href":"https:\/\/www.europesays.com\/ch-fr\/wp-json\/wp\/v2\/posts"}],"about":[{"href":"https:\/\/www.europesays.com\/ch-fr\/wp-json\/wp\/v2\/types\/post"}],"author":[{"embeddable":true,"href":"https:\/\/www.europesays.com\/ch-fr\/wp-json\/wp\/v2\/users\/2"}],"replies":[{"embeddable":true,"href":"https:\/\/www.europesays.com\/ch-fr\/wp-json\/wp\/v2\/comments?post=288539"}],"version-history":[{"count":0,"href":"https:\/\/www.europesays.com\/ch-fr\/wp-json\/wp\/v2\/posts\/288539\/revisions"}],"wp:featuredmedia":[{"embeddable":true,"href":"https:\/\/www.europesays.com\/ch-fr\/wp-json\/wp\/v2\/media\/288540"}],"wp:attachment":[{"href":"https:\/\/www.europesays.com\/ch-fr\/wp-json\/wp\/v2\/media?parent=288539"}],"wp:term":[{"taxonomy":"category","embeddable":true,"href":"https:\/\/www.europesays.com\/ch-fr\/wp-json\/wp\/v2\/categories?post=288539"},{"taxonomy":"post_tag","embeddable":true,"href":"https:\/\/www.europesays.com\/ch-fr\/wp-json\/wp\/v2\/tags?post=288539"}],"curies":[{"name":"wp","href":"https:\/\/api.w.org\/{rel}","templated":true}]}}