{"id":288541,"date":"2026-09-02T19:46:38","date_gmt":"2026-09-02T19:46:38","guid":{"rendered":"https:\/\/www.europesays.com\/ch-fr\/288541\/"},"modified":"2026-09-02T19:46:38","modified_gmt":"2026-09-02T19:46:38","slug":"a-la-batie-festival-de-geneve-la-merveilleuse-malice-de-la-choregraphe-ruth-childs-et-de-la-plasticienne-cecile-bouffard-chasse-le-spleen","status":"publish","type":"post","link":"https:\/\/www.europesays.com\/ch-fr\/288541\/","title":{"rendered":"A La B\u00e2tie-Festival de Gen\u00e8ve, la merveilleuse malice de la chor\u00e9graphe Ruth Childs et de la plasticienne C\u00e9cile Bouffard chasse le spleen"},"content":{"rendered":"<p>    R\u00e9sum\u00e9 en 20 secondes<\/p>\n<p>        En savoir plus sur ce type de contenu<\/p>\n<p>Ce r\u00e9sum\u00e9 peut avoir \u00e9t\u00e9 \u00e9crit avec l&rsquo;assistance d\u2019une IA g\u00e9n\u00e9rative. <a href=\"https:\/\/www.letemps.ch\/cyber\/l-usage-de-l-ia-generative-par-les-journalistes-du-temps\" rel=\"nofollow noopener\" target=\"_blank\">En savoir plus<\/a><\/p>\n<p class=\"article__abstract-call-to-action\" data-ariato=\"TrackableElement\" data-trackable-element-type=\"article_abstract_cta\" data-trackable-element-location=\"article_header\" data-trackable-element-id=\"541383\">\n        <a data-event=\"click-&gt;clicked\" href=\"https:\/\/www.letemps.ch\/abonnements\" rel=\"nofollow noopener\" target=\"_blank\">Abonnez-vous<\/a> pour acc\u00e9der au r\u00e9sum\u00e9 en 20 secondes.\n      <\/p>\n<p>La malice est une r\u00e9sistance. La mati\u00e8re de nos r\u00eaveries un royaume irr\u00e9ductible. C\u2019est ce qu\u2019on se dit devant Such a Devoted Bunch, cr\u00e9ation \u00e0 quatre mains de la chor\u00e9graphe romande Ruth Childs et de la plasticienne fran\u00e7aise C\u00e9cile Bouffard. Le Pavillon ADC \u00e0 Gen\u00e8ve ne pouvait r\u00eaver mardi soir lancement de saison plus espi\u00e8gle et philosophique \u00e0 la fois que cette \u00e9chapp\u00e9e pour trois danseuses, Marta Capaccioli, Mona Fellah et Cosima Grand.<\/p>\n<p>A quoi tient le plaisir que procure Such a Devoted Bunch, \u00e0 l\u2019affiche de La B\u00e2tie-Festival de Gen\u00e8ve jusqu\u2019\u00e0 samedi? A l\u2019\u00e9loge de la marotte, de la lubie, comme disent C\u00e9cile Bouffard et Ruth Childs. Le jeu comme enjeu esth\u00e9tique \u2013 pour cette pi\u00e8ce \u2013 et existentiel \u2013 pour vous, pour moi. Voyez cette entame. Concentr\u00e9es comme dans le grenier de l\u2019enfance, trois femmes, en jupes ou pantalon jean, mocassins et chaussettes blanches. Accroupies devant un puzzle, elles cherchent les pi\u00e8ces d\u2019un paysage perdu. C\u2019est une all\u00e9gorie de ce qui vient. Car il s\u2019agira bien de cela: accorder des sayn\u00e8tes merveilleusement divagatrices sans jamais expliciter ce qui les relie.<\/p>\n","protected":false},"excerpt":{"rendered":"R\u00e9sum\u00e9 en 20 secondes En savoir plus sur ce type de contenu Ce r\u00e9sum\u00e9 peut avoir \u00e9t\u00e9 \u00e9crit&hellip;\n","protected":false},"author":2,"featured_media":288542,"comment_status":"","ping_status":"","sticky":false,"template":"","format":"standard","meta":{"footnotes":"","_share_on_mastodon":"0"},"categories":[17],"tags":[172,401,58349,170,169,174,23],"class_list":["post-288541","post","type-post","status-publish","format-standard","has-post-thumbnail","category-geneve","tag-culture","tag-danse","tag-festival-de-la-batie","tag-geneva","tag-geneve","tag-premium","tag-suisse"],"share_on_mastodon":{"url":"https:\/\/pubeurope.com\/@ch_fr\/117203172468962632","error":""},"_links":{"self":[{"href":"https:\/\/www.europesays.com\/ch-fr\/wp-json\/wp\/v2\/posts\/288541","targetHints":{"allow":["GET"]}}],"collection":[{"href":"https:\/\/www.europesays.com\/ch-fr\/wp-json\/wp\/v2\/posts"}],"about":[{"href":"https:\/\/www.europesays.com\/ch-fr\/wp-json\/wp\/v2\/types\/post"}],"author":[{"embeddable":true,"href":"https:\/\/www.europesays.com\/ch-fr\/wp-json\/wp\/v2\/users\/2"}],"replies":[{"embeddable":true,"href":"https:\/\/www.europesays.com\/ch-fr\/wp-json\/wp\/v2\/comments?post=288541"}],"version-history":[{"count":0,"href":"https:\/\/www.europesays.com\/ch-fr\/wp-json\/wp\/v2\/posts\/288541\/revisions"}],"wp:featuredmedia":[{"embeddable":true,"href":"https:\/\/www.europesays.com\/ch-fr\/wp-json\/wp\/v2\/media\/288542"}],"wp:attachment":[{"href":"https:\/\/www.europesays.com\/ch-fr\/wp-json\/wp\/v2\/media?parent=288541"}],"wp:term":[{"taxonomy":"category","embeddable":true,"href":"https:\/\/www.europesays.com\/ch-fr\/wp-json\/wp\/v2\/categories?post=288541"},{"taxonomy":"post_tag","embeddable":true,"href":"https:\/\/www.europesays.com\/ch-fr\/wp-json\/wp\/v2\/tags?post=288541"}],"curies":[{"name":"wp","href":"https:\/\/api.w.org\/{rel}","templated":true}]}}