{"id":288547,"date":"2026-09-02T19:53:13","date_gmt":"2026-09-02T19:53:13","guid":{"rendered":"https:\/\/www.europesays.com\/ch-fr\/288547\/"},"modified":"2026-09-02T19:53:13","modified_gmt":"2026-09-02T19:53:13","slug":"homo-faber-tout-ce-quil-faut-savoir-de-ledition-2026-a-venise","status":"publish","type":"post","link":"https:\/\/www.europesays.com\/ch-fr\/288547\/","title":{"rendered":"Homo Faber : tout ce qu&rsquo;il faut savoir de l&rsquo;\u00e9dition 2026 \u00e0 Venise"},"content":{"rendered":"<p>\n                    Earth Jar 20 \u2018Riven\u2019, Patricia Shone Artisan \u00a9 Dee Honeybun                <\/p>\n<p>\n                    A Feast of Light_Giulio Ghirardi \u00a9 Michelangelo Foundation                <\/p>\n<p class=\"has-drop-cap wp-block-paragraph\">Fondazione Giorgio Cini, \u00eele de San Giorgio Maggiore, <a href=\"https:\/\/www.milkdecoration.com\/tag\/venise\/\" target=\"_blank\" rel=\"noreferrer noopener nofollow\">Venise<\/a>. C\u2019est dans ce cadre au charme unique, dont seuls les Italiens ont le secret, que se tient la quatri\u00e8me \u00e9dition de la Biennale Homo Faber, qui a ouvert ses portes ce 1er septembre 2026. Organis\u00e9 par la Michelangelo Foundation for Creativity and Craftsmanship, en partenariat avec la Fondazione Giorgio Cini et la Fondazione Cologni dei Mestieri d\u2019Arte, l\u2019\u00e9v\u00e9nement a un objectif clair et honorable : c\u00e9l\u00e9brer l\u2019artisanat contemporain. Une mission ambitieuse et n\u00e9cessaire \u00e0 l\u2019heure o\u00f9 la technologie s\u2019impose dans toutes les sph\u00e8res de la cr\u00e9ation.<\/p>\n<p class=\"wp-block-paragraph\">En r\u00e9unissant plus de 700 objets cr\u00e9\u00e9s par plus de 500 artisans issus de 70 pays diff\u00e9rents, Homo Faber entend pr\u00e9senter toute la richesse du travail artisanal et l\u2019\u00e9tendue du talent de ces cr\u00e9atifs internationaux, entre c\u00e9ramique, sculpture, mosa\u00efque, m\u00e9tal, cuir, verre\u2026 Pour l\u2019occasion, la directrice artistique Es Devlin a imagin\u00e9 15 installations immersives diff\u00e9rentes et un v\u00e9ritable r\u00e9cit autour de la lumi\u00e8re, de l\u2019eau, des miroirs et m\u00eame du son, en dialogue avec tous ces objets. <\/p>\n<p class=\"wp-block-paragraph\">Parmi les cr\u00e9ations qui ont particuli\u00e8rement retenu notre attention, des sculptures en bois majestueuses d\u2019<a href=\"https:\/\/www.milkdecoration.com\/reims-limpressionnante-carte-blanche-dhenrique-oliveira-a-la-maison-ruinart\/\" target=\"_blank\" rel=\"noreferrer noopener nofollow\">Henrique Oliveira<\/a> qui s\u2019imbriquaient dans l\u2019architecture, un vase en gr\u00e8s, argile et porcelaine de Jane Yang-d\u2019Haene, une incroyable chaise en bois d\u2019Andrea Mancuso et Luciano Tousco, des paniers tress\u00e9s de Marion Bui, ou encore une impressionnante installation d\u2019oiseaux en papier de Wen Qiuwen. Une vraie mine de d\u00e9couvertes. <\/p>\n<p><img fetchpriority=\"high\" decoding=\"async\" width=\"1920\" height=\"1279\" src=\"https:\/\/www.europesays.com\/ch-fr\/wp-content\/uploads\/2026\/09\/mfo-the-woven-halo-made-for-a-woman-atelier-anoka-studio-83099242.jpg\" alt=\"\" class=\"wp-image-90978\"  \/>The Woven Halo Made For A Woman Atelier \u00a9 Anoka Studio<\/p>\n","protected":false},"excerpt":{"rendered":"Earth Jar 20 \u2018Riven\u2019, Patricia Shone Artisan \u00a9 Dee Honeybun A Feast of Light_Giulio Ghirardi \u00a9 Michelangelo Foundation&hellip;\n","protected":false},"author":2,"featured_media":288548,"comment_status":"","ping_status":"","sticky":false,"template":"","format":"standard","meta":{"footnotes":"","_share_on_mastodon":"0"},"categories":[10],"tags":[3579,113,112,209,62729,23,17841],"class_list":["post-288547","post","type-post","status-publish","format-standard","has-post-thumbnail","category-divertissement","tag-artisanat","tag-divertissement","tag-entertainment","tag-exposition","tag-homo-faber","tag-suisse","tag-venise"],"share_on_mastodon":{"url":"https:\/\/pubeurope.com\/@ch_fr\/117203200210639759","error":""},"_links":{"self":[{"href":"https:\/\/www.europesays.com\/ch-fr\/wp-json\/wp\/v2\/posts\/288547","targetHints":{"allow":["GET"]}}],"collection":[{"href":"https:\/\/www.europesays.com\/ch-fr\/wp-json\/wp\/v2\/posts"}],"about":[{"href":"https:\/\/www.europesays.com\/ch-fr\/wp-json\/wp\/v2\/types\/post"}],"author":[{"embeddable":true,"href":"https:\/\/www.europesays.com\/ch-fr\/wp-json\/wp\/v2\/users\/2"}],"replies":[{"embeddable":true,"href":"https:\/\/www.europesays.com\/ch-fr\/wp-json\/wp\/v2\/comments?post=288547"}],"version-history":[{"count":0,"href":"https:\/\/www.europesays.com\/ch-fr\/wp-json\/wp\/v2\/posts\/288547\/revisions"}],"wp:featuredmedia":[{"embeddable":true,"href":"https:\/\/www.europesays.com\/ch-fr\/wp-json\/wp\/v2\/media\/288548"}],"wp:attachment":[{"href":"https:\/\/www.europesays.com\/ch-fr\/wp-json\/wp\/v2\/media?parent=288547"}],"wp:term":[{"taxonomy":"category","embeddable":true,"href":"https:\/\/www.europesays.com\/ch-fr\/wp-json\/wp\/v2\/categories?post=288547"},{"taxonomy":"post_tag","embeddable":true,"href":"https:\/\/www.europesays.com\/ch-fr\/wp-json\/wp\/v2\/tags?post=288547"}],"curies":[{"name":"wp","href":"https:\/\/api.w.org\/{rel}","templated":true}]}}