{"id":288553,"date":"2026-09-02T19:56:15","date_gmt":"2026-09-02T19:56:15","guid":{"rendered":"https:\/\/www.europesays.com\/ch-fr\/288553\/"},"modified":"2026-09-02T19:56:15","modified_gmt":"2026-09-02T19:56:15","slug":"huawei-etend-la-disponibilite-de-sa-tablette-oled-12-pouces-dont-lepaisseur-est-comparable-a-celle-de-lipad-pro","status":"publish","type":"post","link":"https:\/\/www.europesays.com\/ch-fr\/288553\/","title":{"rendered":"Huawei \u00e9tend la disponibilit\u00e9 de sa tablette OLED 12 pouces, dont l\u2019\u00e9paisseur est comparable \u00e0 celle de l\u2019iPad Pro"},"content":{"rendered":"<p class=\"bodytext\">Outre une gamme d\u2019appareils portables, Huawei a pr\u00e9sent\u00e9 la MatePad Air 2026 lors de l\u2019\u00e9v\u00e9nement organis\u00e9 \u00e0 Munich. Cette tablette de 12 pouces a \u00e9t\u00e9 initialement lanc\u00e9e en juillet 2026, et l\u2019entreprise en a d\u00e9sormais \u00e9tendu la disponibilit\u00e9 \u00e0 l\u2019ensemble de l\u2019Union europ\u00e9enne.<\/p>\n<p class=\"bodytext\">Pour ceux qui auraient manqu\u00e9 <a href=\"https:\/\/www.notebookcheck.biz\/La-Huawei-MatePad-Air-2026-fait-son-entree-sur-le-marche-avec-un-ecran-OLED-a-144-Hz-dans-un-boitier-ultra-fin.1342609.0.html\" target=\"_self\" class=\"internal-link\" rel=\"nofollow noopener\">notre couverture du lancement<\/a>, la MatePad Air 2026 est dot\u00e9e d\u2019un \u00e9cran OLED de 12 pouces offrant une r\u00e9solution de 2 880 x 1 840 pixels et un taux de rafra\u00eechissement de 144 Hz. Sa luminosit\u00e9 maximale atteint 1 200 nits, et Huawei souligne que l\u2019\u00e9cran PaperMatte offre une meilleure clart\u00e9, m\u00eame en pleine lumi\u00e8re.<\/p>\n<p class=\"bodytext\">Son design fin et l\u00e9ger constitue un autre atout majeur de cette tablette OLED. Comme le souligne Huawei, elle mesure 5,3 mm d\u2019\u00e9paisseur, soit la m\u00eame \u00e9paisseur que l\u2019iPad Pro 11 pouces \u00e9quip\u00e9 de <a href=\"https:\/\/www.notebookcheck.biz\/Nvidia-N1X-loin-derriere-Apple-M5-Max-des-puces-comparables-affichent-des-performances-attendues.1313925.0.html\" target=\"_self\" class=\"internal-link\" rel=\"nofollow noopener\">la puce<\/a> <a href=\"https:\/\/www.notebookcheck.biz\/Nvidia-N1X-loin-derriere-Apple-M5-Max-des-puces-comparables-affichent-des-performances-attendues.1313925.0.html\" target=\"_self\" class=\"internal-link\" rel=\"nofollow noopener\">Apple M5<\/a>, et p\u00e8se, selon les informations fournies, 509 grammes.<\/p>\n<p class=\"bodytext\">Bien que la tablette soit fine et l\u00e9g\u00e8re, elle int\u00e8gre une batterie relativement puissante. Plus pr\u00e9cis\u00e9ment, la MatePad Air est \u00e9quip\u00e9e d\u2019une batterie de 10 100 mAh, et Huawei affirme qu\u2019elle peut offrir jusqu\u2019\u00e0 16 heures d\u2019autonomie en lecture vid\u00e9o locale. Elle prend <a href=\"https:\/\/www.notebookcheck.biz\/Test-de-l-Ugreen-Nexode-Air-Slim-X865-que-vaut-ce-chargeur-rapide-GaN-ultrafin.1379814.0.html\" target=\"_self\" class=\"internal-link\" rel=\"nofollow noopener\">en charge la recharge rapide<\/a> \u00e0 66 W, ce qui permet de passer rapidement de 0 % \u00e0 100 % de charge.<\/p>\n<p class=\"bodytext\">Sous le capot, la MatePad Air 2026 est \u00e9quip\u00e9e du SoC Kirin T93C, et Huawei affirme qu\u2019elle est capable de g\u00e9rer des charges de travail intensives. Un syst\u00e8me \u00e0 six haut-parleurs, un appareil photo arri\u00e8re de 50 Mpx, un appareil photo frontal de 12 Mpx et la prise en charge de logiciels de productivit\u00e9 de niveau PC comptent parmi les autres points forts de la tablette.<\/p>\n<p class=\"bodytext\">La MatePad Air 2026 est disponible en deux configurations ; la version d\u2019entr\u00e9e de gamme, dot\u00e9e de 8 Go de RAM et de 256 Go de stockage, est <a href=\"https:\/\/clk.tradedoubler.com\/click?p=304855&amp;a=2112357&amp;url=https%3A%2F%2Fconsumer.huawei.com%2Fde%2Ftablets%2Fmatepad-air%2Fbuy%2F\" target=\"_blank\" rel=\"sponsored nofollow noopener\" class=\"external-link-new-window\" data-htmlarea-external=\"1\" rtekeep=\"1\">propos\u00e9e \u00e0 799<\/a> \u20ac. Huawei propose l\u2019autre configuration, qui porte la m\u00e9moire \u00e0 12 Go, au prix de 899 \u20ac.<\/p>\n","protected":false},"excerpt":{"rendered":"Outre une gamme d\u2019appareils portables, Huawei a pr\u00e9sent\u00e9 la MatePad Air 2026 lors de l\u2019\u00e9v\u00e9nement organis\u00e9 \u00e0 Munich.&hellip;\n","protected":false},"author":2,"featured_media":288554,"comment_status":"","ping_status":"","sticky":false,"template":"","format":"standard","meta":{"footnotes":"","_share_on_mastodon":"0"},"categories":[7],"tags":[62730,4022,12858,9386,8125,74,4027,27111,32029,70,7282,62731,22424,72,41811,71,61,57,59,58,23,5981,1067,60,62,73],"class_list":["post-288553","post","type-post","status-publish","format-standard","has-post-thumbnail","category-sciences-et-technologies","tag-air-2026","tag-apple","tag-batterie","tag-ecran","tag-huawei","tag-informations-sur-des-ordinateurs-portatifs","tag-ipad","tag-kirin","tag-matepad","tag-nouvelles","tag-oled","tag-papermatte","tag-productivite","tag-rapport","tag-recharge","tag-revues","tag-science","tag-science-and-technology","tag-sciences","tag-sciences-et-technologies","tag-suisse","tag-tablette","tag-technologie","tag-technologies","tag-technology","tag-test"],"share_on_mastodon":{"url":"https:\/\/pubeurope.com\/@ch_fr\/117203211627371821","error":""},"_links":{"self":[{"href":"https:\/\/www.europesays.com\/ch-fr\/wp-json\/wp\/v2\/posts\/288553","targetHints":{"allow":["GET"]}}],"collection":[{"href":"https:\/\/www.europesays.com\/ch-fr\/wp-json\/wp\/v2\/posts"}],"about":[{"href":"https:\/\/www.europesays.com\/ch-fr\/wp-json\/wp\/v2\/types\/post"}],"author":[{"embeddable":true,"href":"https:\/\/www.europesays.com\/ch-fr\/wp-json\/wp\/v2\/users\/2"}],"replies":[{"embeddable":true,"href":"https:\/\/www.europesays.com\/ch-fr\/wp-json\/wp\/v2\/comments?post=288553"}],"version-history":[{"count":0,"href":"https:\/\/www.europesays.com\/ch-fr\/wp-json\/wp\/v2\/posts\/288553\/revisions"}],"wp:featuredmedia":[{"embeddable":true,"href":"https:\/\/www.europesays.com\/ch-fr\/wp-json\/wp\/v2\/media\/288554"}],"wp:attachment":[{"href":"https:\/\/www.europesays.com\/ch-fr\/wp-json\/wp\/v2\/media?parent=288553"}],"wp:term":[{"taxonomy":"category","embeddable":true,"href":"https:\/\/www.europesays.com\/ch-fr\/wp-json\/wp\/v2\/categories?post=288553"},{"taxonomy":"post_tag","embeddable":true,"href":"https:\/\/www.europesays.com\/ch-fr\/wp-json\/wp\/v2\/tags?post=288553"}],"curies":[{"name":"wp","href":"https:\/\/api.w.org\/{rel}","templated":true}]}}