{"id":288561,"date":"2026-09-02T20:00:12","date_gmt":"2026-09-02T20:00:12","guid":{"rendered":"https:\/\/www.europesays.com\/ch-fr\/288561\/"},"modified":"2026-09-02T20:00:12","modified_gmt":"2026-09-02T20:00:12","slug":"vaud-le-canton-veut-doubler-ses-demarches-en-ligne-dici-2030","status":"publish","type":"post","link":"https:\/\/www.europesays.com\/ch-fr\/288561\/","title":{"rendered":"Vaud : le Canton veut doubler ses d\u00e9marches en ligne d&rsquo;ici 2030"},"content":{"rendered":"<p>Vaud a pr\u00e9sent\u00e9 mercredi sa strat\u00e9gie de transformation num\u00e9rique de l&rsquo;administration cantonale. Elle vise notamment \u00e0 simplifier les d\u00e9marches en ligne de la population, des entreprises et des communes, ainsi qu&rsquo;\u00e0 renforcer l&rsquo;efficience de l&rsquo;Etat. Objectif concret: doubler les d\u00e9marches administratives sur son portail \u00e0 l&rsquo;horizon 2030.<\/p>\n<p>Intitul\u00e9e Administration num\u00e9rique vaudoise (ANV), cette strat\u00e9gie adopt\u00e9e par le gouvernement est valable pour la p\u00e9riode 2026\u20132030. Elle est dot\u00e9e d&rsquo;une feuille de route de 73 mesures. Outre la population, les entreprises et les communes, elle concerne aussi les collaborateurs de l&rsquo;Etat.<\/p>\n<p>\u00ab\u00a0Son d\u00e9ploiement sera financ\u00e9 en deux phases, avec un premier investissement de plus de 16,4 millions de francs pour trois ans, entre 2027 et 2029, sous r\u00e9serve de l&rsquo;approbation du Grand Conseil\u00a0\u00bb, a expliqu\u00e9 devant la presse la conseill\u00e8re d&rsquo;Etat en charge du num\u00e9rique Val\u00e9rie Dittli. \u00ab\u00a0Une r\u00e9\u00e9valuation sera faite dans trois ans et une deuxi\u00e8me phase financi\u00e8re sera alors planifi\u00e9e, non chiffr\u00e9e \u00e0 ce jour\u00a0\u00bb, a-t-elle ajout\u00e9.<\/p>\n<p>\u00ab\u00a0Nous voulons transformer l&rsquo;Etat avec une administration et des prestations num\u00e9riques plus modernes, plus accessibles et plus performantes. Le service public \u00e0 la population doit devenir plus int\u00e9gr\u00e9, plus proche, plus rapide et plus intuitif\u00a0\u00bb, a expliqu\u00e9 la ministre.<\/p>\n<p>Pas de suppression des guichets<\/p>\n<p>\u00ab\u00a0Chaque mois, plus de 130&rsquo;000 d\u00e9marches administratives sont initi\u00e9es en ligne. A l&rsquo;horizon 2030, l&rsquo;objectif est notamment de doubler l&rsquo;utilisation des d\u00e9marches en ligne et d&rsquo;en garantir l&rsquo;accessibilit\u00e9, la qualit\u00e9 et la s\u00e9curit\u00e9\u00a0\u00bb, a relev\u00e9 S\u00e9bastien Dufaut, directeur de l&rsquo;Office de la transformation num\u00e9rique et d&rsquo;appui \u00e0 l&rsquo;administration (ONA). Les prestations physiques, au guichet, ne dispara\u00eetront pas pour autant, a-t-il rassur\u00e9. \u00ab\u00a0C&rsquo;est du &lsquo;digital first&rsquo;, mais pas du &lsquo;digital only'\u00a0\u00bb, a-t-il r\u00e9sum\u00e9.<\/p>\n<p>Cette transformation digitale de l&rsquo;administration cantonale touche beaucoup de monde: 855&rsquo;700 citoyens, 66&rsquo;600 entreprises, 25&rsquo;000 collaborateurs de l&rsquo;Etat et 300 communes, a-t-il \u00e9t\u00e9 rappel\u00e9.<\/p>\n<p>La strat\u00e9gie ANV repose sur une d\u00e9marche participative. Les services de l&rsquo;Etat, les partenaires institutionnels ainsi que des repr\u00e9sentants de la population ont \u00e9t\u00e9 associ\u00e9s \u00e0 son \u00e9laboration afin d&rsquo;identifier les besoins prioritaires et d\u00e9finir des mesures concr\u00e8tes et impactantes (lire encadr\u00e9), a encore indiqu\u00e9 S\u00e9bastien Dufaut.<\/p>\n<p>La strat\u00e9gie accorde aussi une place centrale \u00e0 la protection des donn\u00e9es, \u00e0 la cybers\u00e9curit\u00e9 et \u00e0 la transparence, a insist\u00e9 Val\u00e9rie Dittli. Enfin, cette \u00e9volution s&rsquo;inscrit dans une d\u00e9marche coh\u00e9rente avec la Strat\u00e9gie ANS (Administration num\u00e9rique Suisse) en \u00e9troite collaboration avec les communes. Elle favorise par exemple l&rsquo;utilisation de solutions nationales, telles que l&rsquo;e-ID et AGOV pour une identification s\u00e9curis\u00e9e.<\/p>\n<p class=\"sources\">ats\/fgn<\/p>\n","protected":false},"excerpt":{"rendered":"Vaud a pr\u00e9sent\u00e9 mercredi sa strat\u00e9gie de transformation num\u00e9rique de l&rsquo;administration cantonale. Elle vise notamment \u00e0 simplifier les&hellip;\n","protected":false},"author":2,"featured_media":288562,"comment_status":"","ping_status":"","sticky":false,"template":"","format":"standard","meta":{"footnotes":"","_share_on_mastodon":"0"},"categories":[4],"tags":[22,354,62732,344,40427,1047,3302,323,21,1431,92,424,296,23,1703,807,325],"class_list":["post-288561","post","type-post","status-publish","format-standard","has-post-thumbnail","category-actualites","tag-actualites","tag-canton-de-vaud","tag-digital-equipment-corporation","tag-economie-et-finances","tag-entreprise-q483045328","tag-etat","tag-informatique-et-telecommunications","tag-intelligence-artificielle","tag-news","tag-numerique","tag-politique","tag-population","tag-science-et-technologie","tag-suisse","tag-technologie-de-linformation-et-informatique","tag-technologie-et-ingenierie","tag-vaud"],"share_on_mastodon":{"url":"https:\/\/pubeurope.com\/@ch_fr\/117203227425439523","error":""},"_links":{"self":[{"href":"https:\/\/www.europesays.com\/ch-fr\/wp-json\/wp\/v2\/posts\/288561","targetHints":{"allow":["GET"]}}],"collection":[{"href":"https:\/\/www.europesays.com\/ch-fr\/wp-json\/wp\/v2\/posts"}],"about":[{"href":"https:\/\/www.europesays.com\/ch-fr\/wp-json\/wp\/v2\/types\/post"}],"author":[{"embeddable":true,"href":"https:\/\/www.europesays.com\/ch-fr\/wp-json\/wp\/v2\/users\/2"}],"replies":[{"embeddable":true,"href":"https:\/\/www.europesays.com\/ch-fr\/wp-json\/wp\/v2\/comments?post=288561"}],"version-history":[{"count":0,"href":"https:\/\/www.europesays.com\/ch-fr\/wp-json\/wp\/v2\/posts\/288561\/revisions"}],"wp:featuredmedia":[{"embeddable":true,"href":"https:\/\/www.europesays.com\/ch-fr\/wp-json\/wp\/v2\/media\/288562"}],"wp:attachment":[{"href":"https:\/\/www.europesays.com\/ch-fr\/wp-json\/wp\/v2\/media?parent=288561"}],"wp:term":[{"taxonomy":"category","embeddable":true,"href":"https:\/\/www.europesays.com\/ch-fr\/wp-json\/wp\/v2\/categories?post=288561"},{"taxonomy":"post_tag","embeddable":true,"href":"https:\/\/www.europesays.com\/ch-fr\/wp-json\/wp\/v2\/tags?post=288561"}],"curies":[{"name":"wp","href":"https:\/\/api.w.org\/{rel}","templated":true}]}}