{"id":288595,"date":"2026-09-02T20:36:06","date_gmt":"2026-09-02T20:36:06","guid":{"rendered":"https:\/\/www.europesays.com\/ch-fr\/288595\/"},"modified":"2026-09-02T20:36:06","modified_gmt":"2026-09-02T20:36:06","slug":"elle-congele-leau-en-quelques-minutes-cette-machine-a-glacons-lidl-a-moins-de-80-e-affronte-la-canicule","status":"publish","type":"post","link":"https:\/\/www.europesays.com\/ch-fr\/288595\/","title":{"rendered":"Elle cong\u00e8le l\u2019eau en quelques minutes\u00a0: cette machine \u00e0 gla\u00e7ons Lidl \u00e0 moins de 80\u00a0\u20ac affronte la canicule"},"content":{"rendered":"<p data-ofstats-scroll=\"read_depth_40\">En plus de proposer une capacit\u00e9 de r\u00e9servoir d\u2019eau d\u2019environ 1,3 litre, la machine \u00e0 gla\u00e7ons Lidl fait preuve d\u2019efficacit\u00e9 en travaillant sans pr\u00e9-refroidissement. Comme elle est en rupture de stock, vous pouvez retrouver cette autre <a href=\"https:\/\/tidd.ly\/4h6LtjK\" rel=\"nofollow,sponsored noopener\" target=\"_blank\">machine \u00e0 gla\u00e7ons qui cong\u00e8le l\u2019eau en moins de 8\u00a0minutes<\/a>. Polyvalent, cet \u00e9quipement d\u2019une puissance de 105\u00a0W vous propose 2\u00a0tailles de gla\u00e7ons au choix\u00a0: de quoi s\u2019adapter \u00e0 de nombreuses boissons et varier les plaisirs. Pratique et bien pens\u00e9e, la machine \u00e0 gla\u00e7ons Silvercrest ne n\u00e9cessite aucun raccordement \u00e0 l\u2019eau\u00a0: il suffit effectivement de la verser dans le r\u00e9servoir et de laisser la magie op\u00e9rer. Actuellement, la machine \u00e0 gla\u00e7ons Silvercrest est propos\u00e9e au prix de 79,99 euros sur le site Lidl.<\/p>\n<p data-ofstats-scroll=\"read_depth_40\">\u00bb Alternative plus puissante\u00a0:  <a href=\"https:\/\/tidd.ly\/4xRzsoa\" rel=\"nofollow,sponsored noopener\" target=\"_blank\"> la glaci\u00e8re Ninja liquide son stock <\/a><\/p>\n<p>Encore plus de bons plans\u00a0:<\/p>\n<p data-ofstats-scroll=\"read_depth_40\">Climatiseur r\u00e9versible 12000 BTU <a href=\"https:\/\/tidd.ly\/4fLFLTI\" rel=\"nofollow,sponsored noopener\" target=\"_blank\">\u00e0 -500\u20ac<\/a><\/p>\n<p data-ofstats-scroll=\"read_depth_40\">BISSELL qui lave, aspire et s\u00e8che d\u2019un coup <a href=\"https:\/\/tidd.ly\/4l3m8az\" rel=\"nofollow,sponsored noopener\" target=\"_blank\">\u00e0 149\u20ac au lieu de 299\u20ac<\/a><\/p>\n<p data-ofstats-scroll=\"read_depth_50\">V\u00e9lo \u00e9lectrique tout-terrain \u00e0 100km <a href=\"https:\/\/tidd.ly\/4vE8oYo\" rel=\"nofollow,sponsored noopener\" target=\"_blank\">\u00e0 499\u20ac99 au lieu de 999\u20ac99<\/a><\/p>\n<p data-ofstats-scroll=\"read_depth_50\">iPhone num\u00e9ro\u00a01 <a href=\"https:\/\/tidd.ly\/4lkxXIz\" rel=\"nofollow,sponsored noopener\" target=\"_blank\">\u00e0\u00a0389\u20ac au lieu de 959\u20ac\u00a0(code\u00a0: TEL15D99)<\/a><\/p>\n<p data-ofstats-scroll=\"read_depth_50\">Trottinette \u00e9lectrique iScooter pliable <a href=\"https:\/\/tidd.ly\/3FjSjTe\" rel=\"nofollow,sponsored noopener\" target=\"_blank\">\u00e0 299\u20ac99 au lieu de 529\u20ac99<\/a><\/p>\n<p data-ofstats-scroll=\"read_depth_50\">Samsung Galaxy S26\u00a0Ultra <a href=\"https:\/\/tidd.ly\/3UhctnP\" rel=\"nofollow,sponsored noopener\" target=\"_blank\">\u00e0 861\u20ac99 au lieu de 1499\u20ac\u00a0(meilleur prix du web)<\/a><\/p>\n<p>        R\u00e9ussissez vos ap\u00e9ritifs entre amis avec la machine \u00e0 gla\u00e7ons Lidl<\/p>\n<p data-ofstats-scroll=\"read_depth_90\">Performante et efficace, la machine \u00e0 gla\u00e7ons Lidl est capable de fabriquer environ 600\u00a0grammes de gla\u00e7ons en une seule session. Gr\u00e2ce \u00e0 son panneau de commande Soft-Touch intuitif, vous prenez le contr\u00f4le sur la fabrication\u00a0: 9\u00a0minutes suffisent pour fabriquer 9\u00a0grands gla\u00e7ons, 7\u00a0minutes pour 9\u00a0petits gla\u00e7ons et environ 24\u00a0heures pour 11 \u00e0 12\u00a0kg de glace. Gr\u00e2ce \u00e0 ses dimensions compactes de 22,2 x 29\u00a0x 29,4\u00a0cm pour un poids plume de 5,9\u00a0kg sur la balance, la machine \u00e0 gla\u00e7ons Silvercrest trouve sa place dans votre cuisine, sur votre terrasse, tandis qu\u2019elle peut m\u00eame vous suivre lorsque vous partez en vacances. Avec une note bien m\u00e9rit\u00e9e de 4,8\/5\u00a0sur plus de 290\u00a0avis, cet appareil ravit de nombreux amateurs d\u2019ap\u00e9ritif entre amis. Inutile de tergiverser\u00a0: profitez de cette occasion pour b\u00e9n\u00e9ficier d\u2019un prix givr\u00e9. Rendez-vous d\u00e8s maintenant sur le site Lidl afin de commander la machine \u00e0 gla\u00e7ons Silvercrest.<\/p>\n<p data-ofstats-scroll=\"read_depth_100\">\u00bb Alternative \u00e0 saisir\u00a0: la  <a href=\"https:\/\/tidd.ly\/4h6LtjK\" rel=\"nofollow,sponsored noopener\" target=\"_blank\"> machine \u00e0 gla\u00e7ons \u00e0 moins de 80\u00a0\u20ac qui cong\u00e8le en 8\u00a0minutes <\/a><\/p>\n","protected":false},"excerpt":{"rendered":"En plus de proposer une capacit\u00e9 de r\u00e9servoir d\u2019eau d\u2019environ 1,3 litre, la machine \u00e0 gla\u00e7ons Lidl fait&hellip;\n","protected":false},"author":2,"featured_media":288596,"comment_status":"","ping_status":"","sticky":false,"template":"","format":"standard","meta":{"footnotes":"","_share_on_mastodon":"0"},"categories":[7],"tags":[36377,61,57,59,58,7345,23,60,62],"class_list":["post-288595","post","type-post","status-publish","format-standard","has-post-thumbnail","category-sciences-et-technologies","tag-lidl","tag-science","tag-science-and-technology","tag-sciences","tag-sciences-et-technologies","tag-shopping","tag-suisse","tag-technologies","tag-technology"],"share_on_mastodon":{"url":"https:\/\/pubeurope.com\/@ch_fr\/117203368956341641","error":""},"_links":{"self":[{"href":"https:\/\/www.europesays.com\/ch-fr\/wp-json\/wp\/v2\/posts\/288595","targetHints":{"allow":["GET"]}}],"collection":[{"href":"https:\/\/www.europesays.com\/ch-fr\/wp-json\/wp\/v2\/posts"}],"about":[{"href":"https:\/\/www.europesays.com\/ch-fr\/wp-json\/wp\/v2\/types\/post"}],"author":[{"embeddable":true,"href":"https:\/\/www.europesays.com\/ch-fr\/wp-json\/wp\/v2\/users\/2"}],"replies":[{"embeddable":true,"href":"https:\/\/www.europesays.com\/ch-fr\/wp-json\/wp\/v2\/comments?post=288595"}],"version-history":[{"count":0,"href":"https:\/\/www.europesays.com\/ch-fr\/wp-json\/wp\/v2\/posts\/288595\/revisions"}],"wp:featuredmedia":[{"embeddable":true,"href":"https:\/\/www.europesays.com\/ch-fr\/wp-json\/wp\/v2\/media\/288596"}],"wp:attachment":[{"href":"https:\/\/www.europesays.com\/ch-fr\/wp-json\/wp\/v2\/media?parent=288595"}],"wp:term":[{"taxonomy":"category","embeddable":true,"href":"https:\/\/www.europesays.com\/ch-fr\/wp-json\/wp\/v2\/categories?post=288595"},{"taxonomy":"post_tag","embeddable":true,"href":"https:\/\/www.europesays.com\/ch-fr\/wp-json\/wp\/v2\/tags?post=288595"}],"curies":[{"name":"wp","href":"https:\/\/api.w.org\/{rel}","templated":true}]}}