{"id":288615,"date":"2026-09-02T20:53:13","date_gmt":"2026-09-02T20:53:13","guid":{"rendered":"https:\/\/www.europesays.com\/ch-fr\/288615\/"},"modified":"2026-09-02T20:53:13","modified_gmt":"2026-09-02T20:53:13","slug":"largentine-va-celebrer-lionel-messi-a-la-10e-minute-de-chaque-match-de-la-prochaine-journee-lequipe-fr","status":"publish","type":"post","link":"https:\/\/www.europesays.com\/ch-fr\/288615\/","title":{"rendered":"L&#039;Argentine va c\u00e9l\u00e9brer Lionel Messi \u00e0 la 10e minute de chaque match de la prochaine journ\u00e9e &#8211; lequipe.fr"},"content":{"rendered":"<p><a href=\"https:\/\/news.google.com\/rss\/articles\/CBMi2wFBVV95cUxORnVHVTJCZWFSQUplRFp0c0xwbVlTaExVQWxGWFNkaFIwQ3FRVmcxUXdwZ0FTV0t3cWxHNmNTV1o4dkw3eWpjaE1LMm5FbU95dnd6TF9odzAwQXE3RkhyTVdkWVkxRWZkcE00N05OQjFZVnY5YnJUZG11aGFYSElycmlBdEJYd05oWWptb1E0MS11OXVJZ1o5UExpNUxGdzNSU2JMSEZ5ZzJlUWs1TFowUXJIeWQtTmlQVmw2dU9kVXdpUDJLcGVjUllKTnNZUVFrdXBGRjRXdjRMdm8?oc=5\" target=\"_blank\" rel=\"nofollow noopener\">L&rsquo;Argentine va c\u00e9l\u00e9brer Lionel Messi \u00e0 la 10e minute de chaque match de la prochaine journ\u00e9e<\/a>&nbsp;&nbsp;lequipe.fr<a href=\"https:\/\/news.google.com\/rss\/articles\/CBMilgFBVV95cUxQYm1jVUE4UG53VUV0UFNFaDB1b0JmV3o4MzVweWNuVEdSejF4NmdXcEpod0M1OTg2TzB3aWh2X0FhQXVfblB0bWc1RkF4UHFORDVvMGZDeDBPaTZpNHFXUEZvSFByWW5kdS0tTDlQYjBiMWdMUVJwS21fY3M3TmpaNU1ZLXB5c2pseDVWa0UxbDZfSUNWc3c?oc=5\" target=\"_blank\" rel=\"nofollow noopener\">Un bref commentaire puis une suppression : le Bar\u00e7a soul\u00e8ve des interrogations en ignorant la retraite de Messi<\/a>&nbsp;&nbsp;Yahoo Actualit\u00e9s<a href=\"https:\/\/news.google.com\/rss\/articles\/CBMisAFBVV95cUxOWUQ0d3ZmVFhFSW9oRnNZcEVYS0xQTk8tU2NETVlGT29XbTVobkI1bGI4aWRrbEhEQ0o1ZEI3LTBWajAwSTdaMW45UEVJQW1zeVFtOFNhRlNMOVdNNGJxdzJoS2psUElCX292clVxWUMySTVQYjdmb1dqMjhjRy15aks5REY1VkxVdEpNRFhYUzBhdk5ZMUFvUkVFUU1GYUtiS1pwZTVJdEVHdWRwemtJaQ?oc=5\" target=\"_blank\" rel=\"nofollow noopener\">Hansi Flick r\u00e9agit \u00e0 la retraite internationale de Lionel Messi<\/a>&nbsp;&nbsp;Foot Mercato<a href=\"https:\/\/news.google.com\/rss\/articles\/CBMi0AFBVV95cUxNUG5HWlpjcVNaNXZiT0hZZmtreG9WYUVSY1pnWU55VnNNZ0RRZGx1YzZQMG45Tnlhb0NYWnNqNWRwTURVTl9HbnN1SkFDRXI1ZDZhTmUwczVqcU0wdHgtSE9RdmFJb21MWFhDaHVDbXU5aFVKQ1U4UDZBQ0ZJVW1rTFBRcURZSC1OWjRISldtNjNnZGp0T0htRTBSci0tX0VxLXVuTXRHcjlleTZzMmQ0YlFkZ3dDcFlqdlRsRlpBa2dBMUZqbFZpVHFkN3o0WHZN?oc=5\" target=\"_blank\" rel=\"nofollow noopener\">Foot : \u00abL&rsquo;h\u00e9ritage de Messi restera \u00e0 jamais grav\u00e9 dans les m\u00e9moires\u00bb, estime David Beckham<\/a>&nbsp;&nbsp;Le Figaro<a href=\"https:\/\/news.google.com\/rss\/articles\/CBMihgJBVV95cUxPek15TFNLR3ZyVVdjN1RlRThNRXRCa0pmbGlJR0VMUUJiQXp5N1I3VXRpa1RRQzNSWE9UQmROSVFzUHJuQzZmMXRCOWlUUWRLTVNxSzdCTVBSZDgxTG5DRmIydVNSY1lrZ2xGbU1wYzRhSTd5RS1vUU9NTXpHQVYtcmJHT083ZWUtTmtGVlI1SE04SVN4dmVyb1pjYUZVYlREd1ZOMjN5cDZvNHpiWTQ2VXFDcG9Wcjc1TVI1NmVpSFFHaUt3emJja0xQSzhkMDMwY19mdEEtbXBSMTY0OERCV2k0dEdIQ3BoVXhiTi1yOHhIVGtoZlNPWmZ1aXFfTE53ZmdNbVVB?oc=5\" target=\"_blank\" rel=\"nofollow noopener\">EN IMAGES. Messi a beaucoup pleur\u00e9 avant de tout rafler&#8230; 20 ans de montagnes russes pour la<\/a>&nbsp;&nbsp;MaVille.com<\/p>\n","protected":false},"excerpt":{"rendered":"L&rsquo;Argentine va c\u00e9l\u00e9brer Lionel Messi \u00e0 la 10e minute de chaque match de la prochaine journ\u00e9e&nbsp;&nbsp;lequipe.frUn bref commentaire&hellip;\n","protected":false},"author":2,"featured_media":288616,"comment_status":"","ping_status":"","sticky":false,"template":"","format":"standard","meta":{"footnotes":"","_share_on_mastodon":"0"},"categories":[8],"tags":[16259,3917,51345,9962,182,18650,125,75,23],"class_list":["post-288615","post","type-post","status-publish","format-standard","has-post-thumbnail","category-sports","tag-actus-et-infos","tag-argentine","tag-championnat-dargentine","tag-fc-barcelone","tag-football","tag-lionel-messi","tag-redaction","tag-sports","tag-suisse"],"share_on_mastodon":{"url":"https:\/\/pubeurope.com\/@ch_fr\/117203436098621511","error":""},"_links":{"self":[{"href":"https:\/\/www.europesays.com\/ch-fr\/wp-json\/wp\/v2\/posts\/288615","targetHints":{"allow":["GET"]}}],"collection":[{"href":"https:\/\/www.europesays.com\/ch-fr\/wp-json\/wp\/v2\/posts"}],"about":[{"href":"https:\/\/www.europesays.com\/ch-fr\/wp-json\/wp\/v2\/types\/post"}],"author":[{"embeddable":true,"href":"https:\/\/www.europesays.com\/ch-fr\/wp-json\/wp\/v2\/users\/2"}],"replies":[{"embeddable":true,"href":"https:\/\/www.europesays.com\/ch-fr\/wp-json\/wp\/v2\/comments?post=288615"}],"version-history":[{"count":0,"href":"https:\/\/www.europesays.com\/ch-fr\/wp-json\/wp\/v2\/posts\/288615\/revisions"}],"wp:featuredmedia":[{"embeddable":true,"href":"https:\/\/www.europesays.com\/ch-fr\/wp-json\/wp\/v2\/media\/288616"}],"wp:attachment":[{"href":"https:\/\/www.europesays.com\/ch-fr\/wp-json\/wp\/v2\/media?parent=288615"}],"wp:term":[{"taxonomy":"category","embeddable":true,"href":"https:\/\/www.europesays.com\/ch-fr\/wp-json\/wp\/v2\/categories?post=288615"},{"taxonomy":"post_tag","embeddable":true,"href":"https:\/\/www.europesays.com\/ch-fr\/wp-json\/wp\/v2\/tags?post=288615"}],"curies":[{"name":"wp","href":"https:\/\/api.w.org\/{rel}","templated":true}]}}