{"id":288627,"date":"2026-09-02T21:00:12","date_gmt":"2026-09-02T21:00:12","guid":{"rendered":"https:\/\/www.europesays.com\/ch-fr\/288627\/"},"modified":"2026-09-02T21:00:12","modified_gmt":"2026-09-02T21:00:12","slug":"super-league-lausanne-fait-match-nul-0-0-a-thoune","status":"publish","type":"post","link":"https:\/\/www.europesays.com\/ch-fr\/288627\/","title":{"rendered":"Super League : Lausanne fait match nul 0-0 \u00e0 Thoune"},"content":{"rendered":"<p>Seul club romand en lice ce mercredi soir, le LS a pris un point lors de la 6e journ\u00e9e de Super League. A Thoune, les Vaudois ont \u00e9t\u00e9 assez inoffensifs face au champion (0-0).<\/p>\n<p>Apr\u00e8s deux d\u00e9faites, les Vaudois avaient \u00e0 coeur de stopper l&rsquo;h\u00e9morragie. Les hommes de Luka Elsner pensaient avoir ouvert le score \u00e0 la 6e, mais les arbitres ont annul\u00e9 cette r\u00e9ussite. Les Vaudois se sont encore procur\u00e9 une belle occasion \u00e0 la 26e, mais le gardien bernois a refus\u00e9 le but aux Lausannois.<\/p>\n<p>D\u00e8s la 30e, les Lausannois se sont gentiment \u00e9teints. La fin de la premi\u00e8re mi-temps fut totalement \u00e0 l&rsquo;avantage du champion en titre. Heureusement pour le LS, les hommes de Privitelli n&rsquo;ont pas su se montrer tr\u00e8s efficaces. C\u00f4t\u00e9 lausannois, les actions dangereuses se sont rar\u00e9fi\u00e9es et les observateurs ont pu voir que les Vaudois ont besoin de davantage de force offensive. Mais l&rsquo;essentiel pour eux est d&rsquo;avoir tenu d\u00e9fensivement et de pouvoir mettre fin \u00e0 une s\u00e9quence n\u00e9gative.<\/p>\n<p>Le LS est pour l&rsquo;heure 8e avec six points. Mais tout est encore extr\u00eamement serr\u00e9 avec cinq points de retard pour Vaduz (12e) sur Lucerne, 4e. Le LS n&rsquo;a pas le droit \u00e0 l&rsquo;erreur. Ou tr\u00e8s peu.<\/p>\n<p class=\"sources\">ats\/efas<\/p>\n","protected":false},"excerpt":{"rendered":"Seul club romand en lice ce mercredi soir, le LS a pris un point lors de la 6e&hellip;\n","protected":false},"author":2,"featured_media":288628,"comment_status":"","ping_status":"","sticky":false,"template":"","format":"standard","meta":{"footnotes":"","_share_on_mastodon":"0"},"categories":[19],"tags":[996,179,182,177,186,23,188,190,191],"class_list":["post-288627","post","type-post","status-publish","format-standard","has-post-thumbnail","category-lausanne","tag-club","tag-fc-lausanne-sport","tag-football","tag-lausanne","tag-sport","tag-suisse","tag-super-league","tag-thoune","tag-thoune-lausanne"],"share_on_mastodon":{"url":"https:\/\/pubeurope.com\/@ch_fr\/117203463215813841","error":""},"_links":{"self":[{"href":"https:\/\/www.europesays.com\/ch-fr\/wp-json\/wp\/v2\/posts\/288627","targetHints":{"allow":["GET"]}}],"collection":[{"href":"https:\/\/www.europesays.com\/ch-fr\/wp-json\/wp\/v2\/posts"}],"about":[{"href":"https:\/\/www.europesays.com\/ch-fr\/wp-json\/wp\/v2\/types\/post"}],"author":[{"embeddable":true,"href":"https:\/\/www.europesays.com\/ch-fr\/wp-json\/wp\/v2\/users\/2"}],"replies":[{"embeddable":true,"href":"https:\/\/www.europesays.com\/ch-fr\/wp-json\/wp\/v2\/comments?post=288627"}],"version-history":[{"count":0,"href":"https:\/\/www.europesays.com\/ch-fr\/wp-json\/wp\/v2\/posts\/288627\/revisions"}],"wp:featuredmedia":[{"embeddable":true,"href":"https:\/\/www.europesays.com\/ch-fr\/wp-json\/wp\/v2\/media\/288628"}],"wp:attachment":[{"href":"https:\/\/www.europesays.com\/ch-fr\/wp-json\/wp\/v2\/media?parent=288627"}],"wp:term":[{"taxonomy":"category","embeddable":true,"href":"https:\/\/www.europesays.com\/ch-fr\/wp-json\/wp\/v2\/categories?post=288627"},{"taxonomy":"post_tag","embeddable":true,"href":"https:\/\/www.europesays.com\/ch-fr\/wp-json\/wp\/v2\/tags?post=288627"}],"curies":[{"name":"wp","href":"https:\/\/api.w.org\/{rel}","templated":true}]}}