{"id":288655,"date":"2026-09-02T21:27:21","date_gmt":"2026-09-02T21:27:21","guid":{"rendered":"https:\/\/www.europesays.com\/ch-fr\/288655\/"},"modified":"2026-09-02T21:27:21","modified_gmt":"2026-09-02T21:27:21","slug":"pour-george-clooney-lamerique-de-donald-trump-est-une-kakistocratie","status":"publish","type":"post","link":"https:\/\/www.europesays.com\/ch-fr\/288655\/","title":{"rendered":"Pour George Clooney, l\u2019Am\u00e9rique de Donald Trump est une \u00ab\u00a0kakistocratie\u00a0\u00bb"},"content":{"rendered":"<p>George Clooney recevra un Lion d&rsquo;or ce mercredi soir lors de la c\u00e9r\u00e9monie d&rsquo;ouverture de la Mostra de Venise.L&rsquo;acteur de 65 ans en a profit\u00e9 pour livrer son sentiment sur la politique men\u00e9e par Donald Trump.Il a notamment utilis\u00e9 un terme issu du grec, la kakistocratie\u00a0\u00bb, pour d\u00e9signer la gouvernance actuelle de son pays.<a href=\"https:\/\/www.google.com\/preferences\/source?q=tf1info.fr\" class=\"jsx-2150648137 jsx-976369737 ActionButton ActionButton--withBorder\" rel=\"nofollow noopener\" target=\"_blank\"><\/p>\n<p> Ajoutez TF1info \u00e0 vos sources sur Google <\/p>\n<p><\/a><\/p>\n<p id=\"body-_R_17v7tm_-block-5\" data-module=\"article-paragraph\" class=\"jsx-2921227388 Paragraph\">On conna\u00eet sa couleur politique&#8230; et il n\u2019a pas peur de l\u2019afficher, profitant de la moindre occasion pour s&rsquo;en prendre \u00e0 l&rsquo;actuel locataire de la Maison Blanche. Star de la c\u00e9r\u00e9monie d\u2019ouverture de la Mostra de Venise, o\u00f9 il recevra ce mercredi soir un Lion d\u2019or pour l\u2019ensemble de sa carri\u00e8re, <a href=\"https:\/\/www.tf1info.fr\/culture\/c-est-un-crime-de-guerre-george-clooney-s-en-prend-a-donald-trump-et-sa-guerre-en-iran-2435134.html\" rel=\"nofollow noopener\" target=\"_blank\">George Clooney <\/a>a livr\u00e9 son sentiment sur la situation politique des \u00c9tats-Unis en conf\u00e9rence de presse.<\/p>\n<p data-module=\"article-paragraph\" class=\"jsx-2921227388 Paragraph Paragraph__End\">\u00ab\u00a0Il existe un tr\u00e8s bon mot, kakistocratie, qui d\u00e9signe un pays dirig\u00e9 par les personnes les moins qualifi\u00e9es. Je pense que nous vivons peut-\u00eatre dans une kakistocratie en ce moment, mais nous nous en remettrons\u00a0\u00bb, a-t-il d\u00e9clar\u00e9. \u00ab\u00a0Je crois vraiment\u2026 que nous vivons un moment malheureux. Je pense que c&rsquo;est un euph\u00e9misme.\u00a0\u00bb<\/p>\n<p id=\"body-_R_17v7tm_-block-7\" data-module=\"article-paragraph\" class=\"jsx-2921227388 Paragraph Paragraph__End\">Issu du grec \u00ab\u00a0kakistos\u00a0\u00bb, qui signifie \u00ab\u00a0le pire\u00a0\u00bb, la kakistocratie est un terme apparu au XVIIe pour d\u00e9signer des gouvernements corrompus.\u00a0Depuis quelques ann\u00e9es, il a \u00e9t\u00e9 transpos\u00e9 \u00e0 l\u2019univers de l\u2019entreprise pour d\u00e9crire la promotion de managers incomp\u00e9tents, un syst\u00e8me d\u00e9crit par la chercheuse Isabelle Barth dans son ouvrage La Kakistocratie ou le pouvoir des pires, paru en 2024.<\/p>\n<p>En 2028, avec un peu de chance, nous retrouverons une certaine normalit\u00e9George Clooney<\/p>\n<p id=\"body-_R_17v7tm_-block-10\" data-module=\"article-paragraph\" class=\"jsx-2921227388 Paragraph\">Abordant l&rsquo;intelligence artificielle, le changement climatique ou encore l&rsquo;\u00e9tat de l&rsquo;industrie du cin\u00e9ma, George Clooney a dit \u00e9prouver un sentiment de \u00ab\u00a0honte\u00a0\u00bb vis-\u00e0-vis du gouvernement am\u00e9ricain. Mais il veut rester optimiste, estimant que les \u00e9lections de mi-mandat en novembre aux \u00c9tats-Unis pourraient offrir un \u00ab\u00a0contre-pouvoir\u00a0\u00bb et qu'\u00a0\u00bben 2028, avec un peu de chance, nous retrouverons une certaine normalit\u00e9\u00a0\u00bb.<\/p>\n<p data-module=\"article-paragraph\" class=\"jsx-2921227388 Paragraph Paragraph__End\">\u00ab\u00a0Je suis assez \u00e2g\u00e9 pour avoir v\u00e9cu 1968 aux \u00c9tats-Unis, quand toutes les grandes villes am\u00e9ricaines \u00e9taient en flammes et que nous avons perdu Martin Luther King et Bobby Kennedy la m\u00eame ann\u00e9e\u00a0\u00bb, a rappel\u00e9 l\u2019acteur de 65 ans. \u00ab\u00a0Il y avait \u00e9norm\u00e9ment de violence. Le Capitole \u00e9tait encercl\u00e9 de chars\u00a0\u00bb, s&rsquo;est-il rem\u00e9mor\u00e9. \u00ab\u00a0Nous avons connu d&rsquo;autres p\u00e9riodes difficiles, mais celle-ci en fait partie\u00a0\u00bb.<\/p>\n<p><a href=\"https:\/\/www.tf1info.fr\/culture\/incendies-george-clooney-et-sa-famille-evacues-de-brignoles-dans-le-var-nous-ne-savons-pas-si-notre-belle-maison-survivra-2455986.html\" rel=\"nofollow noopener\" class=\"jsx-958316424 Link flex\" target=\"_blank\"><img decoding=\"async\" src=\"https:\/\/www.europesays.com\/ch-fr\/wp-content\/uploads\/2026\/09\/george-clooney-premiere-los-angeles-f05c38-0@1x.jpeg\" alt=\"GEORGE CLOONEY PREMIERE LOS ANGELES\" loading=\"lazy\" importance=\"low\" fetchpriority=\"low\" class=\"\" copyright=\"NurPhoto via AFP\" aria-hidden=\"true\"\/><\/p>\n<p class=\"jsx-4054529586 ReadMoreArticle__Title\">Lire aussi<\/p>\n<p class=\"jsx-4054529586\">George Clooney et sa famille \u00e9vacu\u00e9s de Brignoles : \u00ab\u00a0Nous ne savons pas si notre belle maison survivra\u00a0\u00bb<\/p>\n<p><\/a><\/p>\n<p id=\"body-_R_17v7tm_-block-12\" data-module=\"article-paragraph\" class=\"jsx-2921227388 Paragraph Paragraph__End\">George Clooney a \u00e9galement \u00e9voqu\u00e9 un message publi\u00e9 cette semaine sur X par le secr\u00e9taire \u00e0 la D\u00e9fense am\u00e9ricain Pete Hegseth, semblant se moquer de l&rsquo;apparence physique d&rsquo;une militaire canadienne en surpoids. \u00ab\u00a0O\u00f9 est le sens de la d\u00e9cence l\u00e0-dedans ? Et j&rsquo;ai honte de tout cela, mais nous surmonterons cela\u00a0\u00bb, a d\u00e9clar\u00e9 George Clooney. \u00ab\u00a0Et nous en sortirons meilleurs\u00a0\u00bb.<\/p>\n<p>J\u00e9r\u00f4me VERMELIN<\/p>\n","protected":false},"excerpt":{"rendered":"George Clooney recevra un Lion d&rsquo;or ce mercredi soir lors de la c\u00e9r\u00e9monie d&rsquo;ouverture de la Mostra de&hellip;\n","protected":false},"author":2,"featured_media":288656,"comment_status":"","ping_status":"","sticky":false,"template":"","format":"standard","meta":{"footnotes":"","_share_on_mastodon":"0"},"categories":[10],"tags":[694,22,927,384,113,223,112,222,1395,696,1214,1456,159,23,17841,154,1455],"class_list":["post-288655","post","type-post","status-publish","format-standard","has-post-thumbnail","category-divertissement","tag-actu","tag-actualites","tag-article-video","tag-cinema","tag-divertissement","tag-donald-trump","tag-entertainment","tag-etats-unis","tag-george-clooney","tag-info","tag-italie","tag-medias-et-divertissement","tag-people","tag-suisse","tag-venise","tag-video","tag-video-culture"],"share_on_mastodon":{"url":"https:\/\/pubeurope.com\/@ch_fr\/117203569935393429","error":""},"_links":{"self":[{"href":"https:\/\/www.europesays.com\/ch-fr\/wp-json\/wp\/v2\/posts\/288655","targetHints":{"allow":["GET"]}}],"collection":[{"href":"https:\/\/www.europesays.com\/ch-fr\/wp-json\/wp\/v2\/posts"}],"about":[{"href":"https:\/\/www.europesays.com\/ch-fr\/wp-json\/wp\/v2\/types\/post"}],"author":[{"embeddable":true,"href":"https:\/\/www.europesays.com\/ch-fr\/wp-json\/wp\/v2\/users\/2"}],"replies":[{"embeddable":true,"href":"https:\/\/www.europesays.com\/ch-fr\/wp-json\/wp\/v2\/comments?post=288655"}],"version-history":[{"count":0,"href":"https:\/\/www.europesays.com\/ch-fr\/wp-json\/wp\/v2\/posts\/288655\/revisions"}],"wp:featuredmedia":[{"embeddable":true,"href":"https:\/\/www.europesays.com\/ch-fr\/wp-json\/wp\/v2\/media\/288656"}],"wp:attachment":[{"href":"https:\/\/www.europesays.com\/ch-fr\/wp-json\/wp\/v2\/media?parent=288655"}],"wp:term":[{"taxonomy":"category","embeddable":true,"href":"https:\/\/www.europesays.com\/ch-fr\/wp-json\/wp\/v2\/categories?post=288655"},{"taxonomy":"post_tag","embeddable":true,"href":"https:\/\/www.europesays.com\/ch-fr\/wp-json\/wp\/v2\/tags?post=288655"}],"curies":[{"name":"wp","href":"https:\/\/api.w.org\/{rel}","templated":true}]}}