{"id":288663,"date":"2026-09-02T21:31:10","date_gmt":"2026-09-02T21:31:10","guid":{"rendered":"https:\/\/www.europesays.com\/ch-fr\/288663\/"},"modified":"2026-09-02T21:31:10","modified_gmt":"2026-09-02T21:31:10","slug":"leurope-ouvre-dans-le-rouge-le-regain-de-tensions-moyen-orient-inquiete-02-09-2026-a-1232","status":"publish","type":"post","link":"https:\/\/www.europesays.com\/ch-fr\/288663\/","title":{"rendered":"L&rsquo;Europe ouvre dans le rouge, le regain de tensions Moyen-Orient inqui\u00e8te &#8211; 02\/09\/2026 \u00e0 12:32"},"content":{"rendered":"<p>        <img decoding=\"async\" src=\"https:\/\/www.europesays.com\/ch-fr\/wp-content\/uploads\/2026\/09\/0bd517a01b5acd41c026f3b49b2ad4a9-760x437.jpg\" alt=\"Le graphique de l'indice boursier allemand DAX est pr\u00e9sent\u00e9 \u00e0 la Bourse de Francfort\" loading=\"eager\" fetchpriority=\"high\" width=\"760\" height=\"437\" style=\"max-width: 100%!important; height: auto;\"\/><\/p>\n<p class=\"c-image-news__legend\">Le graphique de l&rsquo;indice boursier allemand DAX est pr\u00e9sent\u00e9 \u00e0 la Bourse de Francfort<\/p>\n<p>\n Les principales Bourses europ\u00e9ennes \u200csont dans le rouge en d\u00e9but de s\u00e9ance mercredi, la \u200breprise des frappes entre les \u00c9tats-Unis et l&rsquo;Iran se poursuivant, ce qui renforce les pr\u00e9visions de resserrement mon\u00e9taire.\n<\/p>\n<p>\n \u00c0 Paris, le CAC 40 \u200bperd 0,14% \u00e0 8.289,88 points vers 07h20 GMT. \u00c0 Francfort, le Dax perd \u200b0,19% et \u00e0 Londres, le FTSE \u2060100 c\u00e8de 0,25%.\n<\/p>\n<p>\n L&rsquo;indice EuroStoxx 50 grignote 0,01%, tandis que le \u200cFTSEurofirst 300 recule de 0,10% et le Stoxx 600 de 0,12%.\n<\/p>\n<p>\n Les \u00c9tats-Unis et l&rsquo;Iran ont \u00e9chang\u00e9 mardi \u200bsoir de nouveaux \u200ctirs, confirmant la reprise des hostilit\u00e9s observ\u00e9e depuis \u2060ce week-end apr\u00e8s une accalmie de plusieurs semaines.\n<\/p>\n<p>\n Les m\u00e9dias iraniens ont fait \u00e9tat d&rsquo;attaques en de multiples endroits \u00e0 travers le pays, \u2060notamment pr\u00e8s \u200cdu d\u00e9troit d&rsquo;Ormuz, que T\u00e9h\u00e9ran interdit aux p\u00e9troliers de \u2060franchir sans son autorisation.\n<\/p>\n<p>\n Cette recrudescence des tensions au Moyen-Orient balaye \u200cainsi les espoirs des investisseurs d&rsquo;une am\u00e9lioration de \u2060l&rsquo;approvisionnement mondial en p\u00e9trole par le d\u00e9troit d&rsquo;Ormuz, fortement \u2060perturb\u00e9 depuis le \u200cd\u00e9but du conflit il y a maintenant plus de six \u200bmois.\n<\/p>\n<p>\n En cons\u00e9quence, les prix du \u200cp\u00e9trole grimpent \u00e0 leur plus haut niveau depuis pr\u00e8s de cinq semaines, le Brent \u200bs&rsquo;\u00e9changeant \u00e0 plus de 95 dollars le baril, ce qui attise les craintes inflationnistes et de hausse des taux \u2060alors qu&rsquo;approchent les r\u00e9unions des principales banques centrales.\n<\/p>\n<p>\n Aux valeurs, L&rsquo;Or\u00e9al gagne 1,1% apr\u00e8s un rel\u00e8vement de recommandation de la part d&rsquo;Exane BNP Paribas, tandis que Soci\u00e9t\u00e9 G\u00e9n\u00e9rale recule de 1,2% apr\u00e8s un abaissement de la recommandation de Goldman Sachs.\n<\/p>\n<p>\n (R\u00e9dig\u00e9 par Coralie Lamarque, \u200b\u00e9dit\u00e9 par Augustin Turpin)<\/p>\n","protected":false},"excerpt":{"rendered":"Le graphique de l&rsquo;indice boursier allemand DAX est pr\u00e9sent\u00e9 \u00e0 la Bourse de Francfort Les principales Bourses europ\u00e9ennes&hellip;\n","protected":false},"author":2,"featured_media":288664,"comment_status":"","ping_status":"","sticky":false,"template":"","format":"standard","meta":{"footnotes":"","_share_on_mastodon":"0"},"categories":[6],"tags":[48,46,56,45,53,44,43,51,50,47,52,49,23,54,55],"class_list":["post-288663","post","type-post","status-publish","format-standard","has-post-thumbnail","category-economie","tag-action-cac-40","tag-bourse-de-paris","tag-boursorama","tag-business","tag-cotations","tag-economie","tag-economy","tag-indices-devises","tag-investir","tag-investissement","tag-marche-boursier","tag-sicav","tag-suisse","tag-trackers","tag-warrants"],"share_on_mastodon":{"url":"https:\/\/pubeurope.com\/@ch_fr\/117203585713207247","error":""},"_links":{"self":[{"href":"https:\/\/www.europesays.com\/ch-fr\/wp-json\/wp\/v2\/posts\/288663","targetHints":{"allow":["GET"]}}],"collection":[{"href":"https:\/\/www.europesays.com\/ch-fr\/wp-json\/wp\/v2\/posts"}],"about":[{"href":"https:\/\/www.europesays.com\/ch-fr\/wp-json\/wp\/v2\/types\/post"}],"author":[{"embeddable":true,"href":"https:\/\/www.europesays.com\/ch-fr\/wp-json\/wp\/v2\/users\/2"}],"replies":[{"embeddable":true,"href":"https:\/\/www.europesays.com\/ch-fr\/wp-json\/wp\/v2\/comments?post=288663"}],"version-history":[{"count":0,"href":"https:\/\/www.europesays.com\/ch-fr\/wp-json\/wp\/v2\/posts\/288663\/revisions"}],"wp:featuredmedia":[{"embeddable":true,"href":"https:\/\/www.europesays.com\/ch-fr\/wp-json\/wp\/v2\/media\/288664"}],"wp:attachment":[{"href":"https:\/\/www.europesays.com\/ch-fr\/wp-json\/wp\/v2\/media?parent=288663"}],"wp:term":[{"taxonomy":"category","embeddable":true,"href":"https:\/\/www.europesays.com\/ch-fr\/wp-json\/wp\/v2\/categories?post=288663"},{"taxonomy":"post_tag","embeddable":true,"href":"https:\/\/www.europesays.com\/ch-fr\/wp-json\/wp\/v2\/tags?post=288663"}],"curies":[{"name":"wp","href":"https:\/\/api.w.org\/{rel}","templated":true}]}}