{"id":288733,"date":"2026-09-02T22:27:35","date_gmt":"2026-09-02T22:27:35","guid":{"rendered":"https:\/\/www.europesays.com\/ch-fr\/288733\/"},"modified":"2026-09-02T22:27:35","modified_gmt":"2026-09-02T22:27:35","slug":"au-vatican-philosophes-et-scientifiques-interrogent-les-relations-entre-homme-et-ia","status":"publish","type":"post","link":"https:\/\/www.europesays.com\/ch-fr\/288733\/","title":{"rendered":"Au Vatican, philosophes et scientifiques interrogent les relations entre homme et IA"},"content":{"rendered":"<p>La Casina Pio IV, dans les jardins du Vatican, accueille l&rsquo;une des rencontres de la troisi\u00e8me conf\u00e9rence du Centre international d&rsquo;\u00e9tudes de la conscience (ICCS). Intitul\u00e9e Cr\u00e9ativit\u00e9: Esprits et Machines, la journ\u00e9e a \u00e9t\u00e9 consacr\u00e9e \u00e0 l&rsquo;impact des technologies sur l&rsquo;art, la culture et l&rsquo;esprit humain. Selon le fondateur de l&rsquo;ICCS, si la cr\u00e9ativit\u00e9 de l&rsquo;IA explose, \u00abl&rsquo;intelligence artificielle est comme une voiture rapide: il faut faire attention \u00e0 ne pas percuter un mur\u00bb.<\/p>\n<p>Eugenio Murrali &#8211; Cit\u00e9 du Vatican<\/p>\n<p>Pour Dmitry Volkov, l&rsquo;intelligence artificielle est comme une voiture: elle nous permet une acc\u00e9l\u00e9ration extraordinaire, mais lorsqu&rsquo;on con\u00e7oit une belle voiture, surtout une voiture de course, \u00abil faut accorder une grande importance \u00e0 la conception des freins, tr\u00e8s efficaces et fiables, pour \u00e9viter qu&rsquo;elle ne s&rsquo;\u00e9crase contre un mur\u00bb. Le philosophe et entrepreneur technologique, fondateur du Centre international d&rsquo;\u00e9tudes de la conscience (ICCS), r\u00e9sume par cette image les possibilit\u00e9s offertes par cette technologie qui transforme notre \u00e9poque et que la troisi\u00e8me conf\u00e9rence annuelle de l&rsquo;ICCS explore en profondeur, soulevant les questions, parfois d\u00e9rangeantes, n\u00e9cessaires \u00e0 l&rsquo;analyse de l&rsquo;impact de l&rsquo;IA sur l&rsquo;humanit\u00e9.\u00a0<\/p>\n<p>L&rsquo;IA est-elle vraiment cr\u00e9ative ? <\/p>\n<p>Lanc\u00e9e hier \u00e0 l&rsquo;Universit\u00e9 Roma Tre dans la capitale italienne, la conf\u00e9rence ICCS \u2013Cr\u00e9ativit\u00e9: Esprits et Machines\u2013 s&rsquo;est poursuivit ce mercredi \u00e0 la Casina Pio IV au Vatican, avant de se conclure ce 3 septembre. Cette conf\u00e9rence r\u00e9unit des philosophes, des neuroscientifiques et des experts internationaux en intelligence artificielle afin de d\u00e9battre de la capacit\u00e9 de l&rsquo;IA \u00e0 \u00eatre v\u00e9ritablement cr\u00e9ative. Pour l&rsquo;instant, selon Dmitry Volkov, une chose est s\u00fbre: l&rsquo;IA peut contribuer \u00e0 d\u00e9velopper la cr\u00e9ativit\u00e9 humaine, mais avec la n\u00e9cessit\u00e9 d&rsquo;\u00eatre vigilants et de mettre en place des m\u00e9canismes de contr\u00f4le.\u00a0<\/p>\n<p>Le philosophe italien Pietro Perconti, cofondateur de l&rsquo;ICCS, estime \u00e9galement qu&rsquo;\u00abil n&rsquo;est pas absurde de parler de cr\u00e9ativit\u00e9 artificielle\u00bb. \u00abBien entendu, de nombreuses mises en garde s&rsquo;imposent ; la prudence est de mise. La cr\u00e9ativit\u00e9 issue des machines diff\u00e8re de celle que nous avons l&rsquo;habitude de concevoir. Il s&rsquo;agit d&rsquo;une cr\u00e9ativit\u00e9 diff\u00e9rente, \u00e0 appr\u00e9cier comme une entreprise collective plut\u00f4t que comme le fruit du g\u00e9nie d&rsquo;un seul artiste, comme on a g\u00e9n\u00e9ralement tendance \u00e0 le penser en Occident.\u00bb<\/p>\n<p>Les vid\u00e9os sont un parfait exemple des avantages et dangers de la cr\u00e9ativit\u00e9 des machines. Dmitry Volkov se souvient que \u00abpendant de nombreuses ann\u00e9es, produire une vid\u00e9o, tourner un film ou cr\u00e9er un dessin anim\u00e9 \u00e9tait une activit\u00e9 r\u00e9serv\u00e9e \u00e0 une poign\u00e9e de personnes\u00bb. En effet, cela exigeait d&rsquo;apprendre \u00e0 dessiner et \u00e0 animer des images sur ordinateur, tandis que l&rsquo;IA a d\u00e9sormais permis \u00e0 des milliers de personnes de cr\u00e9er leurs propres films ou dessins anim\u00e9s \u2013 bref, de s&rsquo;exprimer. Le philosophe met toutefois en garde contre un effet secondaire de ce qu&rsquo;il appelle une \u00abexplosion de cr\u00e9ativit\u00e9\u00bb: les\u00a0deepfakes , la manipulation de photos, de vid\u00e9os ou d&rsquo;images qui nuit aux individus.<\/p>\n<p>\u00abL&rsquo;effet sycophante\u00bb <\/p>\n<p>L&rsquo;intelligence artificielle a tendance \u00e0 faire en sorte de plaire \u00e0 ses utilisateurs. Cette disposition est qualifi\u00e9e d&rsquo;\u00abeffet sycophante\u00bb, un biais de complaisance, qui va jusqu&rsquo;\u00e0 flatter l&rsquo;usager au d\u00e9triment de l&rsquo;exactitude des informations. Ce comportement, avertit Dmitry Volkov, \u00abconduit parfois une personne \u00e0 \u00eatre r\u00e9compens\u00e9e de son narcissisme et d&rsquo;id\u00e9es insuffisamment fond\u00e9es. C&rsquo;est une caract\u00e9ristique importante dont nous devons \u00eatre conscients.\u00bb Cette attitude des machines peut \u00eatre att\u00e9nu\u00e9e: \u00ables nouveaux mod\u00e8les actuellement disponibles sont en r\u00e9alit\u00e9 beaucoup plus ind\u00e9pendants et autonomes.\u00bb<\/p>\n<p>     <a href=\"https:\/\/www.vaticannews.va\/fr\/pape\/news\/2026-08\/leon-xiv-appelle-a-humaniser-technologie-au-service-vie-et-paix.html\" title=\"L\u00e9on XIV appelle \u00e0 humaniser la technologie au service de la vie et de la paix\" rel=\"nofollow noopener\" target=\"_blank\"><\/p>\n<p>        <img decoding=\"async\" src=\"data:image\/gif;base64,R0lGODlhAQABAIAAAAAAAP\/\/\/yH5BAEAAAAALAAAAAABAAEAAAIBRAA7\" data-original=\"https:\/\/www.vaticannews.va\/content\/dam\/vaticannews\/agenzie\/images\/srv\/2026\/08\/28\/2026-08-28-membri-dell---institut-international-des-sciences-adm\/1787913296887.JPG\/_jcr_content\/renditions\/cq5dam.thumbnail.cropped.500.281.jpeg\" alt=\"L\u00e9on XIV appelle \u00e0 humaniser la technologie au service de la vie et de la paix\"\/><\/p>\n<p>      <\/a><\/p>\n<p>\n      Saluant pr\u00e8s de 500 membres de l&rsquo;Institut international des sciences administratives lors de l\u2019audience qu\u2019il leur a accord\u00e9e ce vencredi matin, 28 ao\u00fbt, \u00e0 l\u2019issue de leur &#8230;\n     <\/p>\n<p>\u00c0 ce stade, il est l\u00e9gitime de se demander si l&rsquo;IA est ou pourrait devenir consciente. La position du fondateur du centre de r\u00e9flexion est nuanc\u00e9e: \u00abEn philosophie, nous avons un terme technique pr\u00e9cis pour la conscience: qualia.\u00bb Qualia, terme latin d\u00e9riv\u00e9 de quale, d\u00e9signe les aspects qualitatifs des exp\u00e9riences conscientes.\u00a0Ils correspondent \u00e0 \u00abune sensation particuli\u00e8re, un sentiment subjectif, quelque chose que l&rsquo;on ressent \u00e0 l&rsquo;instant pr\u00e9sent\u00bb.<\/p>\n<p>Par exemple, explique-t-il: \u00absi je vois du rouge, j&rsquo;ai l&rsquo;impression de voir du rouge, donc j&rsquo;en suis convaincu; c&rsquo;est l&rsquo;un des qualia les plus simples et fondamentaux.\u00bb Poursuivant son explication, le philosophe parvient \u00e0 cette conclusion personnelle: \u00abJe pense que la recherche n&rsquo;en est qu&rsquo;\u00e0 ses d\u00e9buts. Mais d&rsquo;une mani\u00e8re g\u00e9n\u00e9rale, je crois que les humains sont des syst\u00e8mes m\u00e9caniques et que nous verrons des ph\u00e9nom\u00e8nes similaires chez les ordinateurs. Ainsi, \u00e0 un moment donn\u00e9, nous serons capables de rep\u00e9rer une IA consciente et nous devrons apprendre \u00e0 la g\u00e9rer.\u00bb<\/p>\n<p>Apprendre \u00e0 int\u00e9ragir avec l&rsquo;IA <\/p>\n<p>Durant cette journ\u00e9e au Vatican, comme l&rsquo;explique le philosophe italien, les discussions poursuivent un objectif ambitieux: \u00abtenter de comprendre s&rsquo;il est possible, voire pertinent, d&rsquo;imaginer des relations entre \u00eatres humains et compagnons artificiels \u2013 amiti\u00e9s, relations d&rsquo;attention, relations sentimentales.\u00bb Les intellectuels r\u00e9unis au Vatican s&rsquo;interrogent sur la fa\u00e7on dont ces relations peuvent \u00eatre productives et, au contraire, pr\u00e9occupantes. Dans leurs \u00e9changes, les experts gardent \u00e0 l&rsquo;esprit le message de l&rsquo;encyclique <a href=\"https:\/\/www.vatican.va\/content\/leo-xiv\/it\/encyclicals\/documents\/20260515-magnifica-humanitas.html\" rel=\"external nofollow noopener\" target=\"_blank\">Magnifica Humanitas<\/a> de L\u00e9on XIV: \u00abCe que dit l&rsquo;encyclique, \u00e0 savoir placer l&rsquo;humain au centre, n&rsquo;est pas seulement un besoin religieux, c&rsquo;est un besoin humain.\u00bb<\/p>\n<p>Un message qui a guid\u00e9 les participants de la conf\u00e9rence.\u00a0\u00ab\u00c9tant donn\u00e9 que notre monde se transforme en un monde de relations num\u00e9riques, comment pouvons-nous prendre en compte cette pr\u00e9occupation humaniste fondamentale dans un monde qui devient lui aussi num\u00e9rique ?\u00bb Pour le philosophe, il existe une r\u00e9ponse: \u00abNous devons nous \u00e9duquer aux relations avec l&rsquo;intelligence artificielle, et il s&rsquo;agit essentiellement d&rsquo;entreprendre une phase d&rsquo;\u00e9ducation publique.\u00bb<\/p>\n<p>\u00a0<\/p>\n","protected":false},"excerpt":{"rendered":"La Casina Pio IV, dans les jardins du Vatican, accueille l&rsquo;une des rencontres de la troisi\u00e8me conf\u00e9rence du&hellip;\n","protected":false},"author":2,"featured_media":288734,"comment_status":"","ping_status":"","sticky":false,"template":"","format":"standard","meta":{"footnotes":"","_share_on_mastodon":"0"},"categories":[5],"tags":[62782,62783,323,40,60195,296,22493,41,42],"class_list":["post-288733","post","type-post","status-publish","format-standard","has-post-thumbnail","category-international","tag-culture-et-societe","tag-filosofia","tag-intelligence-artificielle","tag-international","tag-magnifica-humanitas","tag-science-et-technologie","tag-vatican","tag-world","tag-world-news"],"share_on_mastodon":{"url":"https:\/\/pubeurope.com\/@ch_fr\/117203805372259393","error":""},"_links":{"self":[{"href":"https:\/\/www.europesays.com\/ch-fr\/wp-json\/wp\/v2\/posts\/288733","targetHints":{"allow":["GET"]}}],"collection":[{"href":"https:\/\/www.europesays.com\/ch-fr\/wp-json\/wp\/v2\/posts"}],"about":[{"href":"https:\/\/www.europesays.com\/ch-fr\/wp-json\/wp\/v2\/types\/post"}],"author":[{"embeddable":true,"href":"https:\/\/www.europesays.com\/ch-fr\/wp-json\/wp\/v2\/users\/2"}],"replies":[{"embeddable":true,"href":"https:\/\/www.europesays.com\/ch-fr\/wp-json\/wp\/v2\/comments?post=288733"}],"version-history":[{"count":0,"href":"https:\/\/www.europesays.com\/ch-fr\/wp-json\/wp\/v2\/posts\/288733\/revisions"}],"wp:featuredmedia":[{"embeddable":true,"href":"https:\/\/www.europesays.com\/ch-fr\/wp-json\/wp\/v2\/media\/288734"}],"wp:attachment":[{"href":"https:\/\/www.europesays.com\/ch-fr\/wp-json\/wp\/v2\/media?parent=288733"}],"wp:term":[{"taxonomy":"category","embeddable":true,"href":"https:\/\/www.europesays.com\/ch-fr\/wp-json\/wp\/v2\/categories?post=288733"},{"taxonomy":"post_tag","embeddable":true,"href":"https:\/\/www.europesays.com\/ch-fr\/wp-json\/wp\/v2\/tags?post=288733"}],"curies":[{"name":"wp","href":"https:\/\/api.w.org\/{rel}","templated":true}]}}