{"id":288745,"date":"2026-09-02T22:43:07","date_gmt":"2026-09-02T22:43:07","guid":{"rendered":"https:\/\/www.europesays.com\/ch-fr\/288745\/"},"modified":"2026-09-02T22:43:07","modified_gmt":"2026-09-02T22:43:07","slug":"la-rage-du-raton-laveur-gagne-du-terrain-montreal-se-prepare-a-immuniser-des-ratons","status":"publish","type":"post","link":"https:\/\/www.europesays.com\/ch-fr\/288745\/","title":{"rendered":"La rage du raton laveur gagne du terrain: Montr\u00e9al se pr\u00e9pare \u00e0 immuniser des ratons"},"content":{"rendered":"<p>Montr\u00e9al se pr\u00e9pare \u00e0 immuniser les ratons laveurs contre la rage L&rsquo;\u00e9pid\u00e9mie de la rage du raton laveur progresse rapidement sur la couronne sud de Montr\u00e9al, for\u00e7ant la Ville \u00e0 se pr\u00e9parer. <\/p>\n<p class=\"c-paragraph\">L\u2019\u00e9pid\u00e9mie de rage du raton laveur progresse rapidement sur la couronne sud de Montr\u00e9al. La m\u00e9tropole a d\u00e9cid\u00e9 d\u2019agir pour limiter l\u2019impact de la maladie sur son territoire, notamment en immunisant les ratons laveurs dans ses parcs.<\/p>\n<p class=\"c-paragraph\">Le minist\u00e8re de la Faune et des Parcs a d\u00e9but\u00e9 cette semaine une op\u00e9ration d\u2019\u00e9pandage d\u2019app\u00e2ts vaccinaux.<\/p>\n<p class=\"c-paragraph\">La biologiste Marianne Gagnier raconte qu\u2019elle et son \u00e9quipe posent des app\u00e2ts vaccinaux pr\u00e8s des endroits r\u00e9cemment fr\u00e9quent\u00e9s par des ratons laveurs.<\/p>\n<p class=\"c-paragraph\">D\u00e9gageant une odeur tr\u00e8s sucr\u00e9e, ces app\u00e2ts vaccinaux immunise les ratons laveurs contre la rage, alors que les animaux qui consomment un app\u00e2t d\u00e9veloppent des anticorps \u00e0 l\u2019instar d\u2019un vaccin \u00e9jectable, explique Mme Gagnier.<\/p>\n<p class=\"c-paragraph\">Les cas de rage du raton laveur inqui\u00e8te dans la r\u00e9gion, alors que de nombreux ratons et chats de la Mont\u00e9r\u00e9gie ont contract\u00e9 la maladie.<\/p>\n<p class=\"c-paragraph\">\u00abEn cas de morsure, griffure ou de contact avec la salive d\u2019un animal suspect, il faut laver la peau pendant 10 \u00e0 15 minutes et appeler Info-Sant\u00e9 au 811 sans d\u00e9lai.\u00bb<\/p>\n<p>\u2014 \u00a0Extrait d\u2019un communiqu\u00e9 de Sant\u00e9 Qu\u00e9bec Mont\u00e9r\u00e9gie-Centre<\/p>\n<p class=\"c-paragraph\">Si vous \u00eates propri\u00e9taire d\u2019un animal domestique | Consultez un v\u00e9t\u00e9rinaire pour:<\/p>\n<p>faire vacciner vos chiens ou vos chats\u00a0contre la rage et maintenir leur vaccination \u00e0 jour;d\u00e9terminer s\u2019il est pertinent de\u00a0faire vacciner vos autres animaux\u00a0allant \u00e0 l\u2019ext\u00e9rieur (p. ex.\u202f: les animaux d\u2019\u00e9levage);d\u00e9terminer le risque de transmission de la rage\u00a0si votre animal a \u00e9t\u00e9 en contact avec un animal sauvage ou s\u2019il pr\u00e9sente lui-m\u00eame des signes suspects de rage.<\/p>\n<p class=\"c-paragraph\">Or, vacciner son animal vient avec un prix. On parle d\u2019environ 200$ par dose. Afin de sensibiliser la population face \u00e0 l\u2019importance de vacciner son animal, la clinique v\u00e9t\u00e9rinaire de l\u2019Universit\u00e9 de Montr\u00e9al offre des vaccins contre la rage \u00e0 seulement 15$.<\/p>\n<p class=\"c-paragraph\">L\u2019op\u00e9ration de vaccination aura lieu les 5-6 et les 12-13 septembre.<\/p>\n<p class=\"c-paragraph\">\u00c0 voir dans la vid\u00e9o.<\/p>\n","protected":false},"excerpt":{"rendered":"Montr\u00e9al se pr\u00e9pare \u00e0 immuniser les ratons laveurs contre la rage L&rsquo;\u00e9pid\u00e9mie de la rage du raton laveur&hellip;\n","protected":false},"author":2,"featured_media":288746,"comment_status":"","ping_status":"","sticky":false,"template":"","format":"standard","meta":{"footnotes":"","_share_on_mastodon":"0"},"categories":[9],"tags":[2307,83,84,23],"class_list":["post-288745","post","type-post","status-publish","format-standard","has-post-thumbnail","category-sante","tag-apple-news","tag-health","tag-sante","tag-suisse"],"share_on_mastodon":{"url":"https:\/\/pubeurope.com\/@ch_fr\/117203868396870818","error":""},"_links":{"self":[{"href":"https:\/\/www.europesays.com\/ch-fr\/wp-json\/wp\/v2\/posts\/288745","targetHints":{"allow":["GET"]}}],"collection":[{"href":"https:\/\/www.europesays.com\/ch-fr\/wp-json\/wp\/v2\/posts"}],"about":[{"href":"https:\/\/www.europesays.com\/ch-fr\/wp-json\/wp\/v2\/types\/post"}],"author":[{"embeddable":true,"href":"https:\/\/www.europesays.com\/ch-fr\/wp-json\/wp\/v2\/users\/2"}],"replies":[{"embeddable":true,"href":"https:\/\/www.europesays.com\/ch-fr\/wp-json\/wp\/v2\/comments?post=288745"}],"version-history":[{"count":0,"href":"https:\/\/www.europesays.com\/ch-fr\/wp-json\/wp\/v2\/posts\/288745\/revisions"}],"wp:featuredmedia":[{"embeddable":true,"href":"https:\/\/www.europesays.com\/ch-fr\/wp-json\/wp\/v2\/media\/288746"}],"wp:attachment":[{"href":"https:\/\/www.europesays.com\/ch-fr\/wp-json\/wp\/v2\/media?parent=288745"}],"wp:term":[{"taxonomy":"category","embeddable":true,"href":"https:\/\/www.europesays.com\/ch-fr\/wp-json\/wp\/v2\/categories?post=288745"},{"taxonomy":"post_tag","embeddable":true,"href":"https:\/\/www.europesays.com\/ch-fr\/wp-json\/wp\/v2\/tags?post=288745"}],"curies":[{"name":"wp","href":"https:\/\/api.w.org\/{rel}","templated":true}]}}