{"id":288759,"date":"2026-09-02T22:55:09","date_gmt":"2026-09-02T22:55:09","guid":{"rendered":"https:\/\/www.europesays.com\/ch-fr\/288759\/"},"modified":"2026-09-02T22:55:09","modified_gmt":"2026-09-02T22:55:09","slug":"sylvain-tesson-on-peut-etre-slavophile-sans-etre-poutinophile-on-preferera-alors-belgrade-a-miami","status":"publish","type":"post","link":"https:\/\/www.europesays.com\/ch-fr\/288759\/","title":{"rendered":"Sylvain Tesson\u00a0: \u00ab\u00a0On peut \u00eatre slavophile sans \u00eatre poutinophile, on pr\u00e9f\u00e9rera alors Belgrade \u00e0 Miami\u00a0\u00bb"},"content":{"rendered":"<p>\n    LECTURE &#8211; L\u2019\u00e9crivain voyageur, qui a arpent\u00e9 l\u2019Eurasie, a lu le nouveau livre du directeur adjoint du Figaro Magazine, Jean-Christophe Buisson, Compl\u00e8tement \u00e0 l\u2019Est\u00a0!. Gr\u00e2ce \u00e0 cet essai, les lecteurs comprendront qu\u2019il est possible de pr\u00e9f\u00e9rer la steppe \u00e0 la prairie de l\u2019Ouest, et les bulbes dor\u00e9s aux buildings en verre, salue-t-il.<\/p>\n<p class=\"fig-paragraph\">Le directeur adjoint du Figaro Magazine publie son bulletin de sant\u00e9 morale, comme on disait en URSS. Pendant la\u00a0<a href=\"http:\/\/www.lefigaro.fr\/international\/la-chine-a-mis-a-l-eau-cinq-sous-marins-nucleaires-depuis-le-debut-de-l-annee-dont-deux-d-un-projet-jusqu-ici-inconnu-20260718\" data-fig-type=\"NewsFlash\" data-gtm-custom-categorie=\"navigation\" data-gtm-custom-action=\"crossclick\" data-gtm-custom-label=\"Contextuel\" data-gtm-event=\"customEventSPE\" data-fig-domain=\"LEFIGARO\" rel=\"nofollow noopener\" target=\"_blank\">guerre froide<\/a>\u00a0\u00ab\u00a0passer \u00e0 l\u2019Est\u00a0\u00bb signifiait trahir. En 2026, rester \u00e0 l\u2019Est, c\u2019est demeurer fid\u00e8le \u00e0 une certaine id\u00e9e de la libert\u00e9. Compl\u00e8tement \u00e0 l\u2019Est rassemble chroniques et reportages d\u2019un Fran\u00e7ais pass\u00e9 \u00e0 l\u2019est par hasard, rest\u00e9 l\u00e0-bas par d\u00e9sir. Pendant trente ans, stra\u00efnik Buisson (vagabond, en russe) a \u00e9cum\u00e9 l\u2019Eurasie.<\/p>\n<p class=\"fig-paragraph\">Buisson, c\u2019est l\u2019Ulysse de\u00a0<a href=\"http:\/\/www.lefigaro.fr\/sciences\/joachim-du-bellay-ou-le-mystere-du-cavalier-de-notre-dame-de-paris-20250124\" data-fig-type=\"Article\" data-gtm-custom-categorie=\"navigation\" data-gtm-custom-action=\"crossclick\" data-gtm-custom-label=\"Contextuel\" data-gtm-event=\"customEventSPE\" data-fig-domain=\"LEFIGARO\" rel=\"nofollow noopener\" target=\"_blank\">Du Bellay<\/a>\u00a0avec une chapka. Au retour du voyage, plus lui pla\u00eet la steppe que la prairie de l\u2019ouest, plus les bulbes dor\u00e9s que les buildings en verre et plus que le Yankee, le Slave au regard fou. Pr\u00e9cisons qu\u2019on peut \u00eatre slavophile sans \u00eatre poutinophile. On peut \u00eatre complexe, en somme. On pr\u00e9f\u00e9rera alors Belgrade \u00e0 Miami.<\/p>\n<p class=\"fig-body-link\">\n            \u00c0 lire aussi<br \/>\n        <a class=\"fig-body-link__link fig-premium-mark\" href=\"http:\/\/www.lefigaro.fr\/sciences\/comment-les-slaves-ont-conquis-une-partie-de-l-europe-il-y-a-1500-ans-20250909\" target=\"_blank\" data-fig-type=\"Article\" rel=\"noopener nofollow\" data-gtm-custom-categorie=\"navigation\" data-gtm-custom-action=\"crossclick\" data-gtm-custom-label=\"Contextuel\" data-gtm-event=\"customEventSPE\" data-fig-domain=\"LEFIGARO\"><br \/>\n                Comment les Slaves ont conquis une partie de l\u2019Europe il y a 1500\u00a0ans<br \/>\n    <\/a>\n<\/p>\n<p class=\"fig-paragraph\">Premier reportage en Serbie, en 1996. Buisson ne s\u2019est jamais remis physiquement ni spirituellement de cette incursion dans l\u2019angle mort europ\u00e9en. Il est reparti cent fois dans les Balkans, en Russie\u2026<\/p>\n<p class=\"fig-premium-paywall__infos\">\n        Cet article est r\u00e9serv\u00e9 aux abonn\u00e9s.        Il vous reste 82% \u00e0 d\u00e9couvrir.\n    <\/p>\n<p>                <img  data- alt=\"Le Figaro\" class=\"fig-img--complete fig-img\"\/><\/p>\n<p class=\"fig-premium-paywall__title\">Vente Flash<\/p>\n<p class=\"fig-premium-paywall__subtitle\">-70% sur votre abonnement. Sans engagement.<\/p>\n<p class=\"fig-premium-paywall__connect\">\n                D\u00e9j\u00e0 abonn\u00e9\u00a0?                <a class=\"fig-premium-paywall__connect-link\" href=\"https:\/\/connect.lefigaro.fr\/login?client=horizon_web&amp;type=main&amp;redirect_uri=https%3A%2F%2Fwww.lefigaro.fr%2Fvox%2Fmonde%2Fsylvain-tesson-on-peut-etre-slavophile-sans-etre-poutinophile-on-preferera-alors-belgrade-a-miami-20260902\" data-js-gtm=\"{&quot;event&quot;:&quot;customEventGA4&quot;,&quot;eventName&quot;:&quot;click_action&quot;,&quot;feature&quot;:&quot;paywall&quot;,&quot;location&quot;:&quot;paywall&quot;,&quot;button_action&quot;:&quot;connect&quot;,&quot;click_text&quot;:&quot;Connectez-vous&quot;}\" rel=\"nofollow noopener\" target=\"_blank\"><br \/>\n                    Connectez-vous<br \/>\n                <\/a>\n            <\/p>\n","protected":false},"excerpt":{"rendered":"LECTURE &#8211; L\u2019\u00e9crivain voyageur, qui a arpent\u00e9 l\u2019Eurasie, a lu le nouveau livre du directeur adjoint du Figaro&hellip;\n","protected":false},"author":2,"featured_media":288760,"comment_status":"","ping_status":"","sticky":false,"template":"","format":"standard","meta":{"footnotes":"","_share_on_mastodon":"0"},"categories":[15],"tags":[374,158,157,113,112,159,249,23,247],"class_list":["post-288759","post","type-post","status-publish","format-standard","has-post-thumbnail","category-people","tag-armenie","tag-celebrities","tag-celebrity","tag-divertissement","tag-entertainment","tag-people","tag-russie","tag-suisse","tag-ukraine"],"share_on_mastodon":{"url":"https:\/\/pubeurope.com\/@ch_fr\/117203915365280947","error":""},"_links":{"self":[{"href":"https:\/\/www.europesays.com\/ch-fr\/wp-json\/wp\/v2\/posts\/288759","targetHints":{"allow":["GET"]}}],"collection":[{"href":"https:\/\/www.europesays.com\/ch-fr\/wp-json\/wp\/v2\/posts"}],"about":[{"href":"https:\/\/www.europesays.com\/ch-fr\/wp-json\/wp\/v2\/types\/post"}],"author":[{"embeddable":true,"href":"https:\/\/www.europesays.com\/ch-fr\/wp-json\/wp\/v2\/users\/2"}],"replies":[{"embeddable":true,"href":"https:\/\/www.europesays.com\/ch-fr\/wp-json\/wp\/v2\/comments?post=288759"}],"version-history":[{"count":0,"href":"https:\/\/www.europesays.com\/ch-fr\/wp-json\/wp\/v2\/posts\/288759\/revisions"}],"wp:featuredmedia":[{"embeddable":true,"href":"https:\/\/www.europesays.com\/ch-fr\/wp-json\/wp\/v2\/media\/288760"}],"wp:attachment":[{"href":"https:\/\/www.europesays.com\/ch-fr\/wp-json\/wp\/v2\/media?parent=288759"}],"wp:term":[{"taxonomy":"category","embeddable":true,"href":"https:\/\/www.europesays.com\/ch-fr\/wp-json\/wp\/v2\/categories?post=288759"},{"taxonomy":"post_tag","embeddable":true,"href":"https:\/\/www.europesays.com\/ch-fr\/wp-json\/wp\/v2\/tags?post=288759"}],"curies":[{"name":"wp","href":"https:\/\/api.w.org\/{rel}","templated":true}]}}