{"id":288771,"date":"2026-09-02T23:05:54","date_gmt":"2026-09-02T23:05:54","guid":{"rendered":"https:\/\/www.europesays.com\/ch-fr\/288771\/"},"modified":"2026-09-02T23:05:54","modified_gmt":"2026-09-02T23:05:54","slug":"poutine-demande-a-larmenie-de-faire-un-choix-entre-lue-et-lunion-eurasiatique","status":"publish","type":"post","link":"https:\/\/www.europesays.com\/ch-fr\/288771\/","title":{"rendered":"Poutine demande \u00e0 l\u2019Arm\u00e9nie de faire un choix entre l\u2019UE et l\u2019Union eurasiatique"},"content":{"rendered":"<p>\n    Le pr\u00e9sident russe a de nouveau appel\u00e9 le premier ministre arm\u00e9nien Nikol Pachinian \u00e0 soumettre sa volont\u00e9 d\u2019adh\u00e9rer \u00e0 l\u2019UE \u00e0 un r\u00e9f\u00e9rendum \u00able plus rapidement possible\u00bb.<\/p>\n<p class=\"fig-paragraph\">Le pr\u00e9sident russe et le premier ministre arm\u00e9nien ont eu un \u00e9change tendu mardi sur la volont\u00e9 d&rsquo;Erevan de se porter candidate \u00e0 l&rsquo;<a href=\"http:\/\/www.lefigaro.fr\/economie\/pourquoi-l-union-europeenne-suspend-les-importations-de-viande-du-bresil-20260901\" data-fig-type=\"Article\" data-gtm-custom-categorie=\"navigation\" data-gtm-custom-action=\"crossclick\" data-gtm-custom-label=\"Contextuel\" data-gtm-event=\"customEventSPE\" data-fig-domain=\"LEFIGARO\" rel=\"nofollow noopener\" target=\"_blank\">Union europ\u00e9enne<\/a>, incompatible selon Moscou avec l&rsquo;Union eurasiatique form\u00e9e de pays de l&rsquo;ex-URSS, en marge d&rsquo;un sommet au Kirghizstan. Les deux hommes se sont rencontr\u00e9s \u00e0 l&rsquo;occasion du sommet de l&rsquo;Organisation de coop\u00e9ration de Shanghai (OCS) au Kirghizstan, en Asie centrale, pour la premi\u00e8re fois depuis les \u00e9lections en\u00a0<a href=\"http:\/\/www.lefigaro.fr\/vox\/monde\/malgre-son-interet-pour-une-candidature-annoncee-a-l-ue-bruxelles-n-a-pas-l-intention-d-integrer-l-armenie-selon-tigrane-yegavian-20260826\" data-fig-type=\"Article\" data-gtm-custom-categorie=\"navigation\" data-gtm-custom-action=\"crossclick\" data-gtm-custom-label=\"Contextuel\" data-gtm-event=\"customEventSPE\" data-fig-domain=\"LEFIGARO\" rel=\"nofollow noopener\" target=\"_blank\">Arm\u00e9nie<\/a>\u00a0qui ont confirm\u00e9 le pivot de ce pays du Caucase vers l&rsquo;Occident.<\/p>\n<p class=\"fig-paragraph\">Le pr\u00e9sident russe Vladimir Poutine a r\u00e9p\u00e9t\u00e9 \u00e0 cette occasion la position de Moscou selon laquelle une adh\u00e9sion de l&rsquo;Arm\u00e9nie \u00e0 l&rsquo;Union europ\u00e9enne \u00abcr\u00e9e assur\u00e9ment des difficult\u00e9s pour le maintien de son statut au sein de l&rsquo;Union \u00e9conomique eurasiatique\u00bb. Il a de nouveau appel\u00e9 Erevan \u00e0 soumettre sa volont\u00e9 d&rsquo;adh\u00e9rer \u00e0 l&rsquo;UE \u00e0 un r\u00e9f\u00e9rendum \u00able plus rapidement possible\u00bb. \u00abNous devons ajuster nos politiques commerciale et \u00e9conomique en fonction de ces possibles d\u00e9cisions\u00bb, a-t-il d\u00e9clar\u00e9.<\/p>\n<p>                                            <a class=\"fig-a11y-skip\" href=\"#fig-a11y-skip-main-inarticle\" is=\"fig-a11y-skip\" data-trigger-mode=\"visible-once\"><br \/>\n    Passer la publicit\u00e9<br \/>\n<\/a>            <\/p>\n<p>                                            Virage occidental<\/p>\n<p class=\"fig-paragraph\">Le premier ministre arm\u00e9nien, Nikol Pachinian, a r\u00e9pondu que l&rsquo;adoption l&rsquo;ann\u00e9e derni\u00e8re d&rsquo;une loi d\u00e9clarant officiellement l&rsquo;intention de l&rsquo;Arm\u00e9nie de se porter candidate \u00e0 l&rsquo;UE rendait inutile un r\u00e9f\u00e9rendum. Il a affirm\u00e9 qu&rsquo;il \u00e9tait pr\u00e9matur\u00e9 de parler d&rsquo;une sortie de l&rsquo;Arm\u00e9nie de l&rsquo;Union \u00e9conomique eurasiatique. \u00abL&rsquo;adoption d&rsquo;une loi initiant la proc\u00e9dure pour rejoindre une autre organisation \u00e9conomique revient dans les faits \u00e0 annoncer le retrait de la n\u00f4tre\u00bb, lui a r\u00e9pondu M. Poutine.<\/p>\n<p class=\"fig-paragraph\">Sous influence russe depuis la conqu\u00eate du Caucase par la Russie au XIXe si\u00e8cle, l&rsquo;Arm\u00e9nie a entam\u00e9 ces derniers mois un virage en direction des Occidentaux sous l&rsquo;impulsion de M. Pachinian, dont le parti a remport\u00e9 les \u00e9lections l\u00e9gislatives en juin. L&rsquo;ambition affich\u00e9e du chef du gouvernement arm\u00e9nien de faire entrer son pays dans l&rsquo;UE a jet\u00e9 un froid sur les relations entre Erevan et Moscou, qui a pris en r\u00e9torsion des sanctions contre l&rsquo;Arm\u00e9nie, dont elle est un partenaire commercial majeur.<\/p>\n","protected":false},"excerpt":{"rendered":"Le pr\u00e9sident russe a de nouveau appel\u00e9 le premier ministre arm\u00e9nien Nikol Pachinian \u00e0 soumettre sa volont\u00e9 d\u2019adh\u00e9rer&hellip;\n","protected":false},"author":2,"featured_media":288772,"comment_status":"","ping_status":"","sticky":false,"template":"","format":"standard","meta":{"footnotes":"","_share_on_mastodon":"0"},"categories":[5],"tags":[374,40,41,42],"class_list":["post-288771","post","type-post","status-publish","format-standard","has-post-thumbnail","category-international","tag-armenie","tag-international","tag-world","tag-world-news"],"share_on_mastodon":{"url":"https:\/\/pubeurope.com\/@ch_fr\/117203958943254147","error":""},"_links":{"self":[{"href":"https:\/\/www.europesays.com\/ch-fr\/wp-json\/wp\/v2\/posts\/288771","targetHints":{"allow":["GET"]}}],"collection":[{"href":"https:\/\/www.europesays.com\/ch-fr\/wp-json\/wp\/v2\/posts"}],"about":[{"href":"https:\/\/www.europesays.com\/ch-fr\/wp-json\/wp\/v2\/types\/post"}],"author":[{"embeddable":true,"href":"https:\/\/www.europesays.com\/ch-fr\/wp-json\/wp\/v2\/users\/2"}],"replies":[{"embeddable":true,"href":"https:\/\/www.europesays.com\/ch-fr\/wp-json\/wp\/v2\/comments?post=288771"}],"version-history":[{"count":0,"href":"https:\/\/www.europesays.com\/ch-fr\/wp-json\/wp\/v2\/posts\/288771\/revisions"}],"wp:featuredmedia":[{"embeddable":true,"href":"https:\/\/www.europesays.com\/ch-fr\/wp-json\/wp\/v2\/media\/288772"}],"wp:attachment":[{"href":"https:\/\/www.europesays.com\/ch-fr\/wp-json\/wp\/v2\/media?parent=288771"}],"wp:term":[{"taxonomy":"category","embeddable":true,"href":"https:\/\/www.europesays.com\/ch-fr\/wp-json\/wp\/v2\/categories?post=288771"},{"taxonomy":"post_tag","embeddable":true,"href":"https:\/\/www.europesays.com\/ch-fr\/wp-json\/wp\/v2\/tags?post=288771"}],"curies":[{"name":"wp","href":"https:\/\/api.w.org\/{rel}","templated":true}]}}