{"id":288829,"date":"2026-09-02T23:58:12","date_gmt":"2026-09-02T23:58:12","guid":{"rendered":"https:\/\/www.europesays.com\/ch-fr\/288829\/"},"modified":"2026-09-02T23:58:12","modified_gmt":"2026-09-02T23:58:12","slug":"les-actions-de-shein-chutent-de-plus-de-5-lors-de-leur-deuxieme-journee-de-cotation-a-hong-kong-02-09-2026-a-1043","status":"publish","type":"post","link":"https:\/\/www.europesays.com\/ch-fr\/288829\/","title":{"rendered":"Les actions de Shein chutent de plus de 5% lors de leur deuxi\u00e8me journ\u00e9e de cotation \u00e0 Hong Kong &#8211; 02\/09\/2026 \u00e0 10:43"},"content":{"rendered":"<p>\n ((Traduction automatis\u00e9e par Reuters \u00e0 l&rsquo;aide de l&rsquo;apprentissage<br \/>\nautomatique et de l&rsquo;IA g\u00e9n\u00e9rative, veuillez vous r\u00e9f\u00e9rer \u00e0<br \/>\nl&rsquo;avertissement suivant: https:\/\/bit.ly\/rtrsauto))\n<\/p>\n<p>\n L&rsquo;action du distributeur<br \/>\nen ligne de mode \u00e9ph\u00e9m\u00e8re Shein  0625.HK  a chut\u00e9 de plus de 5%<br \/>\nmercredi, au lendemain d&rsquo;une premi\u00e8re s\u00e9ance d\u00e9cevante apr\u00e8s une<br \/>\nintroduction en bourse tr\u00e8s attendue.\n<\/p>\n<p>\n Le titre avait chut\u00e9 de pr\u00e8s de 10% mardi, avant de se<br \/>\nredresser pour cl\u00f4turer \u00e0 un niveau proche de son prix<br \/>\nd&rsquo;\u00e9mission de 48,56 HK$.\n<\/p>\n<p>\n Mercredi, le titre a cl\u00f4tur\u00e9 \u00e0 46 HK$ lors de sa deuxi\u00e8me<br \/>\njourn\u00e9e de cotation \u00e0 Hong Kong, tandis que l\u2019indice Hang Seng<br \/>\nde la ville  .HSI  restait inchang\u00e9.\n<\/p>\n<p>\n Le cours de l\u2019action Shein s\u2019est redress\u00e9 mardi en fin de<br \/>\njourn\u00e9e et ce rebond \u00e9tait<br \/>\nle r\u00e9sultat de mesures dites de stabilisation qui peuvent \u00eatre<br \/>\nappliqu\u00e9es aux introductions en bourse de grande envergure afin<br \/>\nd\u2019\u00e9viter des baisses brutales le jour de la<br \/>\npremi\u00e8re cotation, selon une source et des analystes.\n<\/p>\n<p>\n Shein a lev\u00e9 1,7 milliard de dollars lors de son<br \/>\nintroduction en bourse, qui a valoris\u00e9 l\u2019entreprise<br \/>\n\u00e0 26,5 milliards de dollars, soit pr\u00e8s d\u2019un quart de son pic de<br \/>\npr\u00e8s de 100<br \/>\nmilliards de dollars atteint en 2022.\n<\/p>\n<p>\n La hausse des droits de douane sur les principaux march\u00e9s,<br \/>\nles risques r\u00e9glementaires<br \/>\ncroissants et la concurrence accrue des concurrents p\u00e8sent sur<br \/>\nles perspectives de croissance de Shein, ont d\u00e9clar\u00e9 des<br \/>\ninvestisseurs et des analystes.\n<\/p>\n<p>\n \u201cLes faibles performances de Shein refl\u00e8tent le fait que les<br \/>\ninvestisseurs r\u00e9\u00e9valuent un<br \/>\nsc\u00e9nario de croissance devenu plus difficile \u00e0 garantir\u201d, a<br \/>\nd\u00e9clar\u00e9 Brandon<br \/>\nHo, responsable du conseil en investissement pour Singapour chez<br \/>\nArta Finance.\n<\/p>\n<p>\n \u201cLa croissance du chiffre d\u2019affaires a ralenti ces derni\u00e8res<br \/>\nann\u00e9es et<br \/>\nles marges sont sous pression, tandis que la hausse des droits<br \/>\nde douane et des<br \/>\nfrais douaniers aux \u00c9tats-Unis et dans l\u2019Union europ\u00e9enne<br \/>\naffaiblit la rentabilit\u00e9 de son<br \/>\nmod\u00e8le transfrontalier \u00e0 bas co\u00fbt.<\/p>\n","protected":false},"excerpt":{"rendered":"((Traduction automatis\u00e9e par Reuters \u00e0 l&rsquo;aide de l&rsquo;apprentissage automatique et de l&rsquo;IA g\u00e9n\u00e9rative, veuillez vous r\u00e9f\u00e9rer \u00e0 l&rsquo;avertissement&hellip;\n","protected":false},"author":2,"featured_media":288830,"comment_status":"","ping_status":"","sticky":false,"template":"","format":"standard","meta":{"footnotes":"","_share_on_mastodon":"0"},"categories":[6],"tags":[48,46,56,45,53,44,43,51,50,47,52,49,23,54,55],"class_list":["post-288829","post","type-post","status-publish","format-standard","has-post-thumbnail","category-economie","tag-action-cac-40","tag-bourse-de-paris","tag-boursorama","tag-business","tag-cotations","tag-economie","tag-economy","tag-indices-devises","tag-investir","tag-investissement","tag-marche-boursier","tag-sicav","tag-suisse","tag-trackers","tag-warrants"],"share_on_mastodon":{"url":"https:\/\/pubeurope.com\/@ch_fr\/117204163463979450","error":""},"_links":{"self":[{"href":"https:\/\/www.europesays.com\/ch-fr\/wp-json\/wp\/v2\/posts\/288829","targetHints":{"allow":["GET"]}}],"collection":[{"href":"https:\/\/www.europesays.com\/ch-fr\/wp-json\/wp\/v2\/posts"}],"about":[{"href":"https:\/\/www.europesays.com\/ch-fr\/wp-json\/wp\/v2\/types\/post"}],"author":[{"embeddable":true,"href":"https:\/\/www.europesays.com\/ch-fr\/wp-json\/wp\/v2\/users\/2"}],"replies":[{"embeddable":true,"href":"https:\/\/www.europesays.com\/ch-fr\/wp-json\/wp\/v2\/comments?post=288829"}],"version-history":[{"count":0,"href":"https:\/\/www.europesays.com\/ch-fr\/wp-json\/wp\/v2\/posts\/288829\/revisions"}],"wp:featuredmedia":[{"embeddable":true,"href":"https:\/\/www.europesays.com\/ch-fr\/wp-json\/wp\/v2\/media\/288830"}],"wp:attachment":[{"href":"https:\/\/www.europesays.com\/ch-fr\/wp-json\/wp\/v2\/media?parent=288829"}],"wp:term":[{"taxonomy":"category","embeddable":true,"href":"https:\/\/www.europesays.com\/ch-fr\/wp-json\/wp\/v2\/categories?post=288829"},{"taxonomy":"post_tag","embeddable":true,"href":"https:\/\/www.europesays.com\/ch-fr\/wp-json\/wp\/v2\/tags?post=288829"}],"curies":[{"name":"wp","href":"https:\/\/api.w.org\/{rel}","templated":true}]}}