{"id":288853,"date":"2026-09-03T00:24:10","date_gmt":"2026-09-03T00:24:10","guid":{"rendered":"https:\/\/www.europesays.com\/ch-fr\/288853\/"},"modified":"2026-09-03T00:24:10","modified_gmt":"2026-09-03T00:24:10","slug":"jura-le-parlement-refuse-une-prison-intercantonale-avec-geneve","status":"publish","type":"post","link":"https:\/\/www.europesays.com\/ch-fr\/288853\/","title":{"rendered":"Jura: le Parlement refuse une prison intercantonale avec Gen\u00e8ve"},"content":{"rendered":"<p>Le Parlement jurassien a refus\u00e9 mercredi un postulat d&rsquo;Ir\u00e8ne Donz\u00e9 (PLR) demandant au Gouvernement de prendre contact avec le Conseil d&rsquo;Etat genevois pour entrevoir la cr\u00e9ation d&rsquo;une prison intercantonale.<\/p>\n<p>Les deux cantons rencontrent des difficult\u00e9s, le Jura \u00e9tant en manque d&rsquo;infrastructures alors que Gen\u00e8ve doit constituer avec une surpopulation, notamment \u00e0 Champ-Dollon.<\/p>\n<p>Le postulat demandait aussi, en cas d&rsquo;\u00e9chec des discussions avec Gen\u00e8ve, de r\u00e9fl\u00e9chir \u00e0 la possibilit\u00e9 d&rsquo;une telle coop\u00e9ration avec un autre canton. Les Vert-e-s soutenant uniquement la seconde partie, la motion a \u00e9t\u00e9 scind\u00e9e en deux. Mais les deux propositions ont \u00e9t\u00e9 rejet\u00e9es, respectivement avec 47 non, 9 oui et 3 abstentions pour la premi\u00e8re et avec 34 non, 24 oui et une abstention pour la seconde.<\/p>\n<p>Au bout du lac, une r\u00e9novation semble compliqu\u00e9e et co\u00fbteuse. Dans le Jura, la fermeture de la prison de Porrentruy est d\u00e9j\u00e0 act\u00e9e car l&rsquo;\u00e9tablissement, situ\u00e9 dans le ch\u00e2teau, n&rsquo;est plus aux normes. Des dizaines de personnes, plac\u00e9es sous l&rsquo;autorit\u00e9 du Jura, sont incarc\u00e9r\u00e9es hors canton, selon le texte de la motion.<\/p>\n<p>Alors qu&rsquo;\u00e0 Gen\u00e8ve de nouvelles infrastructures sont n\u00e9cessaires, mais peinent \u00e0 se concr\u00e9tiser, le Jura dispose de r\u00e9serves fonci\u00e8res importantes, mais manque de moyens.<\/p>\n<p>Pas de \u00ab\u00a0Champ-Dollon bis\u00a0\u00bb<\/p>\n<p>Le ministre de la Justice et police Valentin Zuber a toutefois jug\u00e9 \u00ab\u00a0impossible\u00a0\u00bb la construction d&rsquo;un \u00ab\u00a0Champ-Dollon bis\u00a0\u00bb sur le territoire jurassien, faisant r\u00e9f\u00e9rence au vaste \u00e9tablissement p\u00e9nitentiaire genevois. Valentin Zuber a parl\u00e9 d&rsquo;une institution de 500 \u00e0 600 places, alors que le canton du Jura disposera prochainement de 55 places gr\u00e2ce \u00e0 la prison de Moutier.<\/p>\n<p>Avec un projet d&rsquo;une telle ampleur, il faudrait ma\u00eetriser le risque financier pour le Jura et garantir le personnel suffisant. En outre, la coordination intercantonale existe d\u00e9j\u00e0, a-t-il ajout\u00e9, ne voyant pas \u00ab\u00a0pourquoi il faudrait concentrer nos d\u00e9marches sur un seul canton\u00a0\u00bb. Le Gouvernement a donc invit\u00e9 \u00e0 refuser le postulat.<\/p>\n<p>R\u00e9flexion avec les autres cantons<\/p>\n<p>Pour Patrick Chapuis (PCSI), le Jura n&rsquo;a pas \u00e0 r\u00e9pondre aux difficult\u00e9s fonci\u00e8res de cantons urbains comme Gen\u00e8ve. Il a \u00e9galement relev\u00e9 les co\u00fbts importants en mati\u00e8re d&rsquo;infrastructures, de s\u00e9curit\u00e9 ou encore de transports, ainsi que la distance entre les deux cantons, qui pourrait compliquer les visites des familles ou les d\u00e9placements des avocats.<\/p>\n<p>Comme plusieurs d\u00e9put\u00e9s, Sandra Hauser (Centre) a rappel\u00e9 que les r\u00e9flexions intercantonales devaient se faire au sein du Concordat latin sur la d\u00e9tention p\u00e9nale des adultes. Son parti a laiss\u00e9 la libert\u00e9 de vote. \u00ab\u00a0Un projet d&rsquo;une telle ampleur ne peut pas se pr\u00e9voir en-dehors d&rsquo;une planification romande et tessinoise\u00a0\u00bb, a rench\u00e9ri Nicolas Girard (PS).<\/p>\n<p>Eric Gerber (PLR) a rappel\u00e9 que l&rsquo;\u00e9tude demand\u00e9e par le postulat avait pour but de d\u00e9finir le type de prison et les besoins. En vain.<\/p>\n<p class=\"sources\">ats\/lan<\/p>\n","protected":false},"excerpt":{"rendered":"Le Parlement jurassien a refus\u00e9 mercredi un postulat d&rsquo;Ir\u00e8ne Donz\u00e9 (PLR) demandant au Gouvernement de prendre contact avec&hellip;\n","protected":false},"author":2,"featured_media":288854,"comment_status":"","ping_status":"","sticky":false,"template":"","format":"standard","meta":{"footnotes":"","_share_on_mastodon":"0"},"categories":[17],"tags":[2805,1247,503,504,170,169,741,721,118,62839,2243,92,2483,23,513],"class_list":["post-288853","post","type-post","status-publish","format-standard","has-post-thumbnail","category-geneve","tag-canton-du-jura","tag-conseil-detat-genevois","tag-criminalite","tag-droit-et-justice","tag-geneva","tag-geneve","tag-gouvernement","tag-infrastructure","tag-jura","tag-parlement-jurassien","tag-plr","tag-politique","tag-prison","tag-suisse","tag-systeme-judiciaire"],"share_on_mastodon":{"url":"https:\/\/pubeurope.com\/@ch_fr\/117204265563727883","error":""},"_links":{"self":[{"href":"https:\/\/www.europesays.com\/ch-fr\/wp-json\/wp\/v2\/posts\/288853","targetHints":{"allow":["GET"]}}],"collection":[{"href":"https:\/\/www.europesays.com\/ch-fr\/wp-json\/wp\/v2\/posts"}],"about":[{"href":"https:\/\/www.europesays.com\/ch-fr\/wp-json\/wp\/v2\/types\/post"}],"author":[{"embeddable":true,"href":"https:\/\/www.europesays.com\/ch-fr\/wp-json\/wp\/v2\/users\/2"}],"replies":[{"embeddable":true,"href":"https:\/\/www.europesays.com\/ch-fr\/wp-json\/wp\/v2\/comments?post=288853"}],"version-history":[{"count":0,"href":"https:\/\/www.europesays.com\/ch-fr\/wp-json\/wp\/v2\/posts\/288853\/revisions"}],"wp:featuredmedia":[{"embeddable":true,"href":"https:\/\/www.europesays.com\/ch-fr\/wp-json\/wp\/v2\/media\/288854"}],"wp:attachment":[{"href":"https:\/\/www.europesays.com\/ch-fr\/wp-json\/wp\/v2\/media?parent=288853"}],"wp:term":[{"taxonomy":"category","embeddable":true,"href":"https:\/\/www.europesays.com\/ch-fr\/wp-json\/wp\/v2\/categories?post=288853"},{"taxonomy":"post_tag","embeddable":true,"href":"https:\/\/www.europesays.com\/ch-fr\/wp-json\/wp\/v2\/tags?post=288853"}],"curies":[{"name":"wp","href":"https:\/\/api.w.org\/{rel}","templated":true}]}}