{"id":288887,"date":"2026-09-03T00:56:08","date_gmt":"2026-09-03T00:56:08","guid":{"rendered":"https:\/\/www.europesays.com\/ch-fr\/288887\/"},"modified":"2026-09-03T00:56:08","modified_gmt":"2026-09-03T00:56:08","slug":"le-centre-vaud-tourne-la-page-valerie-dittli-quitte-lalliance-vaudoise-et-cherche-desormais-son-candidat-au-conseil-detat","status":"publish","type":"post","link":"https:\/\/www.europesays.com\/ch-fr\/288887\/","title":{"rendered":"Le Centre Vaud tourne la page Val\u00e9rie Dittli, quitte l\u2019Alliance vaudoise et cherche d\u00e9sormais son candidat au Conseil d\u2019Etat"},"content":{"rendered":"<p>    R\u00e9sum\u00e9 en 20 secondes<\/p>\n<p>        En savoir plus sur ce type de contenu<\/p>\n<p>Ce r\u00e9sum\u00e9 peut avoir \u00e9t\u00e9 \u00e9crit avec l&rsquo;assistance d\u2019une IA g\u00e9n\u00e9rative. <a href=\"https:\/\/www.letemps.ch\/cyber\/l-usage-de-l-ia-generative-par-les-journalistes-du-temps\" rel=\"nofollow noopener\" target=\"_blank\">En savoir plus<\/a><\/p>\n<p class=\"article__abstract-call-to-action\" data-ariato=\"TrackableElement\" data-trackable-element-type=\"article_abstract_cta\" data-trackable-element-location=\"article_header\" data-trackable-element-id=\"541386\">\n        <a data-event=\"click-&gt;clicked\" href=\"https:\/\/www.letemps.ch\/abonnements\" rel=\"nofollow noopener\" target=\"_blank\">Abonnez-vous<\/a> pour acc\u00e9der au r\u00e9sum\u00e9 en 20 secondes.\n      <\/p>\n<p>Depuis que Val\u00e9rie Dittli avait annonc\u00e9, \u00e0 la mi-ao\u00fbt dans Le Matin Dimanche, sa volont\u00e9 de briguer un nouveau mandat au Conseil d\u2019Etat en 2027, toute la \u00abgrande famille\u00bb du Centre Vaud retenait son souffle dans l\u2019attente du 2\u00a0septembre. Mais jeudi dernier, la conseill\u00e8re d\u2019Etat a boulevers\u00e9 le sc\u00e9nario <a href=\"https:\/\/www.letemps.ch\/suisse\/vaud\/exclusif-je-n-avais-pas-d-autre-choix-valerie-dittli-quitte-le-centre-et-cree-un-mouvement-liberal-pour-briguer-un-second-mandat-au-gouvernement-vaudois?srsltid=AfmBOoq0byEmtI77xGaihgKWJ_mfIz-lWTeVHFXVT7wOZUWHjPcROHFi\" rel=\"nofollow noopener\" target=\"_blank\">en annon\u00e7ant au Temps son d\u00e9part du parti<\/a> et la cr\u00e9ation du Mouvement lib\u00e9ral avec d\u2019autres personnalit\u00e9s centristes. Le moment phare de l\u2019assembl\u00e9e d\u2019Epalinges, \u00e0 savoir le vote sur le soutien \u00e0 sa candidature, disparaissait alors du programme.<\/p>\n<p>Mais le tumulte des derni\u00e8res semaines suffisait forc\u00e9ment \u00e0 pr\u00e9server tout l\u2019int\u00e9r\u00eat de la soir\u00e9e. Au c\u0153ur des tensions: la d\u00e9cision du comit\u00e9 de pr\u00e9sidence de r\u00e9server le vote aux seuls d\u00e9l\u00e9gu\u00e9s. Un choix conforme aux statuts, mais vraisemblablement d\u00e9favorable \u00e0 Val\u00e9rie Dittli, nombre d\u2019entre eux ayant d\u00e9j\u00e0 pris position sur sa candidature au sein du comit\u00e9 cantonal et du comit\u00e9 de pr\u00e9sidence. La ministre avait qualifi\u00e9 cette d\u00e9cision de \u00abgoutte d\u2019eau de trop\u00bb et avait aussi annonc\u00e9 qu\u2019elle ne se rendrait pas mercredi \u00e0 Epalinges, afin d\u2019\u00e9viter un camouflet devenu pr\u00e9visible.<\/p>\n","protected":false},"excerpt":{"rendered":"R\u00e9sum\u00e9 en 20 secondes En savoir plus sur ce type de contenu Ce r\u00e9sum\u00e9 peut avoir \u00e9t\u00e9 \u00e9crit&hellip;\n","protected":false},"author":2,"featured_media":288888,"comment_status":"","ping_status":"","sticky":false,"template":"","format":"standard","meta":{"footnotes":"","_share_on_mastodon":"0"},"categories":[3],"tags":[56229,14977,174,23,3749],"class_list":["post-288887","post","type-post","status-publish","format-standard","has-post-thumbnail","category-suisse","tag-elections-cantonales-vaudoises-2027","tag-le-centre","tag-premium","tag-suisse","tag-valerie-dittli"],"share_on_mastodon":{"url":"https:\/\/pubeurope.com\/@ch_fr\/117204391525090488","error":""},"_links":{"self":[{"href":"https:\/\/www.europesays.com\/ch-fr\/wp-json\/wp\/v2\/posts\/288887","targetHints":{"allow":["GET"]}}],"collection":[{"href":"https:\/\/www.europesays.com\/ch-fr\/wp-json\/wp\/v2\/posts"}],"about":[{"href":"https:\/\/www.europesays.com\/ch-fr\/wp-json\/wp\/v2\/types\/post"}],"author":[{"embeddable":true,"href":"https:\/\/www.europesays.com\/ch-fr\/wp-json\/wp\/v2\/users\/2"}],"replies":[{"embeddable":true,"href":"https:\/\/www.europesays.com\/ch-fr\/wp-json\/wp\/v2\/comments?post=288887"}],"version-history":[{"count":0,"href":"https:\/\/www.europesays.com\/ch-fr\/wp-json\/wp\/v2\/posts\/288887\/revisions"}],"wp:featuredmedia":[{"embeddable":true,"href":"https:\/\/www.europesays.com\/ch-fr\/wp-json\/wp\/v2\/media\/288888"}],"wp:attachment":[{"href":"https:\/\/www.europesays.com\/ch-fr\/wp-json\/wp\/v2\/media?parent=288887"}],"wp:term":[{"taxonomy":"category","embeddable":true,"href":"https:\/\/www.europesays.com\/ch-fr\/wp-json\/wp\/v2\/categories?post=288887"},{"taxonomy":"post_tag","embeddable":true,"href":"https:\/\/www.europesays.com\/ch-fr\/wp-json\/wp\/v2\/tags?post=288887"}],"curies":[{"name":"wp","href":"https:\/\/api.w.org\/{rel}","templated":true}]}}