{"id":288895,"date":"2026-09-03T01:08:16","date_gmt":"2026-09-03T01:08:16","guid":{"rendered":"https:\/\/www.europesays.com\/ch-fr\/288895\/"},"modified":"2026-09-03T01:08:16","modified_gmt":"2026-09-03T01:08:16","slug":"en-images-tapisserie-de-bayeux-emmanuel-macron-et-charles-iii-inaugurent-une-exposition-historique-a-londres","status":"publish","type":"post","link":"https:\/\/www.europesays.com\/ch-fr\/288895\/","title":{"rendered":"EN IMAGES &#8211; Tapisserie de Bayeux : Emmanuel Macron et Charles III inaugurent une exposition historique \u00e0 Londres"},"content":{"rendered":"<p>\u00c0 Londres, le British Museum ouvrira bient\u00f4t les portes de l&rsquo;exposition de la Tapisserie de Bayeux, pr\u00eat\u00e9e par la France au Royaume-Uni pour une ann\u00e9e.Ce mercredi, Emmanuel Macron a rejoint le Premier ministre britannique et le roi d&rsquo;Angleterre pour inaugurer la broderie mill\u00e9naire.Retour en images.<a href=\"https:\/\/www.google.com\/preferences\/source?q=tf1info.fr\" class=\"jsx-2150648137 jsx-976369737 ActionButton ActionButton--withBorder\" rel=\"nofollow noopener\" target=\"_blank\"><\/p>\n<p> Ajoutez TF1info \u00e0 vos sources sur Google <\/p>\n<p><\/a><\/p>\n<p id=\"body-_R_17v7tm_-block-5\" data-module=\"article-paragraph\" class=\"jsx-2921227388 Paragraph Paragraph__End\">L&rsquo;heure tant attendue outre-Manche se rapproche. Au Royaume-Uni, le British Museum de Londres s&rsquo;appr\u00eate \u00e0 ouvrir, le 10 septembre prochain, <a href=\"https:\/\/www.tf1info.fr\/culture\/deja-victime-de-son-succes-avant-meme-son-exposition-la-tapisserie-de-bayeux-est-bien-arrivee-a-londres-2452451.html\" rel=\"nofollow noopener\" target=\"_blank\">l&rsquo;exposition publique de la Tapisserie de Bayeux<\/a>. Ce mercredi 2 septembre, Emmanuel et Brigitte Macron ont rejoint le roi Charles III et la reine Camilla devant les marches du mus\u00e9e national, afin d&rsquo;admirer en avant-premi\u00e8re cette \u0153uvre du XI\u1d49 si\u00e8cle, longue de 70 m\u00e8tres, illustrant la conqu\u00eate de l&rsquo;Angleterre en l&rsquo;an 1066 par Guillaume le Conqu\u00e9rant.\u00a0<\/p>\n<p><img decoding=\"async\" src=\"https:\/\/www.europesays.com\/ch-fr\/wp-content\/uploads\/2026\/09\/charles-iii-camilla-emmanuel-macron-et-brigitte-macron-3217dd-0@1x.jpeg\" alt=\"Le roi Charles III et la reine Camilla aux c\u00f4t\u00e9s du pr\u00e9sident fran\u00e7ais Emmanuel Macron, de son \u00e9pouse Brigitte Macron et du directeur du British Museum Nicholas Cullinan.\" loading=\"lazy\" importance=\"low\" fetchpriority=\"low\" class=\"\" data-module=\"article-image\"\/>Le roi Charles III et la reine Camilla aux c\u00f4t\u00e9s du pr\u00e9sident fran\u00e7ais Emmanuel Macron, de son \u00e9pouse Brigitte Macron et du directeur du British Museum Nicholas Cullinan. &#8211; AFP<\/p>\n<p id=\"body-_R_17v7tm_-block-8\" data-module=\"article-paragraph\" class=\"jsx-2921227388 Paragraph Paragraph__End\">Les deux couples sont arriv\u00e9s ensemble au British Museum, attendus par Andy Burnham et son \u00e9pouse Marie-France van Heel sur le parvis du centre culturel, l&rsquo;occasion pour le pr\u00e9sident fran\u00e7ais de rencontrer <a href=\"https:\/\/www.tf1info.fr\/international\/video-royaume-uni-andy-burnham-remplace-keir-starmer-au-poste-de-premier-ministre-2454001.html\" rel=\"nofollow noopener\" target=\"_blank\">le nouveau Premier ministre britannique<\/a> pour la premi\u00e8re fois. \u00ab\u00a0Le pr\u00eat de la tapisserie est un bel exemple de coop\u00e9ration franco-britannique, cette m\u00eame coop\u00e9ration qui nous a permis de ramener le nombre de travers\u00e9es de petits bateaux \u00e0 son plus bas niveau depuis sept ans\u00a0\u00bb, s&rsquo;est r\u00e9joui Andy Burnham ce mercredi devant le Parlement, faisant allusion aux travers\u00e9es clandestines de la Manche, sujet prioritaire pour Londres.<\/p>\n<p id=\"body-_R_17v7tm_-block-10\" data-module=\"article-paragraph\" class=\"jsx-2921227388 Paragraph Paragraph__End\">Emmanuel Macron avait personnellement d\u00e9cid\u00e9 de pr\u00eater la tapisserie pour un an lors de sa visite d&rsquo;\u00c9tat au Royaume-Uni en juillet 2025, alors que <a href=\"https:\/\/www.tf1info.fr\/international\/royaume-uni-le-premier-ministre-britannique-keir-starmer-annonce-sa-demission-2448833.html\" rel=\"nofollow noopener\" target=\"_blank\">le pr\u00e9d\u00e9cesseur d&rsquo;Andy Burnham<\/a>, Keir Starmer, \u00e9tait toujours Premier ministre, avec l&rsquo;objectif de \u00ab\u00a0revivifier la relation culturelle\u00a0\u00bb et de \u00ab\u00a0marquer la confiance\u00a0\u00bb entre Paris et Londres.<\/p>\n<p><img decoding=\"async\" src=\"https:\/\/www.europesays.com\/ch-fr\/wp-content\/uploads\/2026\/09\/andy-burnham-emmanuel-macron-et-charles-iii-ab03fd-0@1x.jpeg\" alt=\"Le Premier ministre britannique Andy Burnham, le pr\u00e9sident fran\u00e7ais Emmanuel Macron et le roi Charles III de Grande-Bretagne  \u00e0 l'avant-premi\u00e8re de l\u2019exposition de la tapisserie de Bayeux, \u00e0 Londres.\" loading=\"lazy\" importance=\"low\" fetchpriority=\"low\" class=\"\" data-module=\"article-image\"\/>Le Premier ministre britannique Andy Burnham, le pr\u00e9sident fran\u00e7ais Emmanuel Macron et le roi Charles III de Grande-Bretagne  \u00e0 l&rsquo;avant-premi\u00e8re de l\u2019exposition de la tapisserie de Bayeux, \u00e0 Londres. &#8211; AFPCe pr\u00eat exceptionnel est un geste de confiance et d&rsquo;amiti\u00e9Emmanuel Macron, pr\u00e9sident fran\u00e7ais<\/p>\n<p id=\"body-_R_17v7tm_-block-13\" data-module=\"article-paragraph\" class=\"jsx-2921227388 Paragraph Paragraph__End\">Un don temporaire qui s&rsquo;est concr\u00e9tis\u00e9 le 10 juillet dernier, <a href=\"https:\/\/www.tf1info.fr\/traditions-et-patrimoine\/la-tapisserie-de-bayeux-n-a-aucune-alteration-visible-apres-son-delicat-voyage-en-double-caisson-vers-londres-2453554.html\" rel=\"nofollow noopener\" target=\"_blank\">lorsque la tapisserie est parvenue intacte au British Museum<\/a>, malgr\u00e9 les craintes de certains experts et d\u00e9fenseurs du patrimoine en France qui redoutaient une d\u00e9gradation irr\u00e9versible de la broderie mill\u00e9naire. En effet, le pr\u00eat de cette transcription en images d&rsquo;un \u00e9pisode cl\u00e9 de l&rsquo;histoire de l&rsquo;Europe du Nord-Ouest est \u00ab\u00a0exceptionnel\u00a0\u00bb, a soulign\u00e9 Emmanuel Macron sur X. D\u00e9j\u00e0 envisag\u00e9 \u00e0 deux reprises, en 1953 pour le couronnement de la reine Elizabeth II, puis en 1966 pour le 900\u1d49 anniversaire de la bataille d&rsquo;Hastings, permettant \u00e0 Guillaume le Conqu\u00e9rant de devenir roi d&rsquo;Angleterre, cela n&rsquo;avait jamais abouti.\u00a0<\/p>\n<p id=\"body-_R_17v7tm_-block-16\" data-module=\"article-paragraph\" class=\"jsx-2921227388 Paragraph Paragraph__End\">Rien d&rsquo;\u00e9tonnant \u00e0 ce que la ministre fran\u00e7aise de la Culture, Catherine P\u00e9gard, se r\u00e9jouisse le 10 juillet dernier, depuis Londres, de voir ce joyau presque mill\u00e9naire \u00ab\u00a0en tr\u00e8s bon \u00e9tat\u00a0\u00bb, \u00e0 la suite d&rsquo;un \u00ab\u00a0travail titanesque\u00a0\u00bb. La tapisserie restera au British Museum jusqu&rsquo;en juillet 2027.<\/p>\n<p>L&rsquo;exposition-\u00e9v\u00e9nement de notre g\u00e9n\u00e9rationGeorge Osborne, pr\u00e9sident du British Museum<\/p>\n<p id=\"body-_R_17v7tm_-block-18\" data-module=\"article-paragraph\" class=\"jsx-2921227388 Paragraph Paragraph__End\">En marge de sa visite en avant-premi\u00e8re de la broderie mill\u00e9naire en fils de laine, Emmanuel Macron a dit esp\u00e9rer que la France et le Royaume-Uni puissent \u00ab\u00a0tisser un lien aussi \u00e9troit que les fils\u00a0\u00bb de la tapisserie de Bayeux, pr\u00eat\u00e9e pour un an au British Museum. De son c\u00f4t\u00e9, le roi Charles III a salu\u00e9 un \u00ab\u00a0pr\u00e9cieux symbole de confiance\u00a0\u00bb, exprimant sa \u00ab\u00a0joie particuli\u00e8re\u00a0\u00bb \u00e0 voir sur le sol britannique cette tapisserie, qui incarne \u00ab\u00a0l&rsquo;entente amicale dont nous parlons avec tant d&rsquo;affection\u00a0\u00bb.\u00a0<\/p>\n<p><img decoding=\"async\" src=\"https:\/\/www.europesays.com\/ch-fr\/wp-content\/uploads\/2026\/09\/roi-charles-iii-et-emmanuel-macron-londres-2026-ba00ef-2@1x.jpeg\" alt=\"Le roi Charles III et le pr\u00e9sident fran\u00e7ais Emmanuel Macron assistent \u00e0 l\u2019exposition en avant-premi\u00e8re de la tapisserie de Bayeux au British Museum, \u00e0 Londres.\" loading=\"lazy\" importance=\"low\" fetchpriority=\"low\" class=\"\" data-module=\"article-image\"\/>Le roi Charles III et le pr\u00e9sident fran\u00e7ais Emmanuel Macron assistent \u00e0 l\u2019exposition en avant-premi\u00e8re de la tapisserie de Bayeux au British Museum, \u00e0 Londres. &#8211; Getty Images via AFP<\/p>\n<p id=\"body-_R_17v7tm_-block-20\" data-module=\"article-paragraph\" class=\"jsx-2921227388 Paragraph Paragraph__End\">La tapisserie devrait \u00eatre \u00ab\u00a0l&rsquo;exposition-\u00e9v\u00e9nement de notre g\u00e9n\u00e9ration\u00a0\u00bb, jubilait aupr\u00e8s de l&rsquo;AFP George Osborne, pr\u00e9sident du British Museum. Il s&rsquo;attend m\u00eame \u00e0 ce qu&rsquo;elle batte le record \u00e9tabli en 1972, avec une exposition consacr\u00e9e \u00e0 Toutankhamon, qui a attir\u00e9 1,69 million de visiteurs. En effet, d\u00e8s le 1\u1d49\u02b3 juillet, le site internet du mus\u00e9e national a \u00e9t\u00e9 pris d&rsquo;assaut pour la mise en vente des premiers billets au grand public. Pour l&rsquo;heure, la billetterie affiche d\u00e9j\u00e0 complet jusqu&rsquo;au 31 d\u00e9cembre prochain.<\/p>\n<p>Charlotte JOYEUX avec AFP<\/p>\n","protected":false},"excerpt":{"rendered":"\u00c0 Londres, le British Museum ouvrira bient\u00f4t les portes de l&rsquo;exposition de la Tapisserie de Bayeux, pr\u00eat\u00e9e par&hellip;\n","protected":false},"author":2,"featured_media":288896,"comment_status":"","ping_status":"","sticky":false,"template":"","format":"standard","meta":{"footnotes":"","_share_on_mastodon":"0"},"categories":[10],"tags":[694,22,55495,927,16398,4119,113,4520,112,696,360,1456,2102,23,154,1455],"class_list":["post-288895","post","type-post","status-publish","format-standard","has-post-thumbnail","category-divertissement","tag-actu","tag-actualites","tag-andy-burnham","tag-article-video","tag-brigitte-macron","tag-charles-iii","tag-divertissement","tag-emmanuel-macron","tag-entertainment","tag-info","tag-londres","tag-medias-et-divertissement","tag-royaume-uni","tag-suisse","tag-video","tag-video-culture"],"share_on_mastodon":{"url":"https:\/\/pubeurope.com\/@ch_fr\/117204439097546580","error":""},"_links":{"self":[{"href":"https:\/\/www.europesays.com\/ch-fr\/wp-json\/wp\/v2\/posts\/288895","targetHints":{"allow":["GET"]}}],"collection":[{"href":"https:\/\/www.europesays.com\/ch-fr\/wp-json\/wp\/v2\/posts"}],"about":[{"href":"https:\/\/www.europesays.com\/ch-fr\/wp-json\/wp\/v2\/types\/post"}],"author":[{"embeddable":true,"href":"https:\/\/www.europesays.com\/ch-fr\/wp-json\/wp\/v2\/users\/2"}],"replies":[{"embeddable":true,"href":"https:\/\/www.europesays.com\/ch-fr\/wp-json\/wp\/v2\/comments?post=288895"}],"version-history":[{"count":0,"href":"https:\/\/www.europesays.com\/ch-fr\/wp-json\/wp\/v2\/posts\/288895\/revisions"}],"wp:featuredmedia":[{"embeddable":true,"href":"https:\/\/www.europesays.com\/ch-fr\/wp-json\/wp\/v2\/media\/288896"}],"wp:attachment":[{"href":"https:\/\/www.europesays.com\/ch-fr\/wp-json\/wp\/v2\/media?parent=288895"}],"wp:term":[{"taxonomy":"category","embeddable":true,"href":"https:\/\/www.europesays.com\/ch-fr\/wp-json\/wp\/v2\/categories?post=288895"},{"taxonomy":"post_tag","embeddable":true,"href":"https:\/\/www.europesays.com\/ch-fr\/wp-json\/wp\/v2\/tags?post=288895"}],"curies":[{"name":"wp","href":"https:\/\/api.w.org\/{rel}","templated":true}]}}