{"id":288949,"date":"2026-09-03T02:05:13","date_gmt":"2026-09-03T02:05:13","guid":{"rendered":"https:\/\/www.europesays.com\/ch-fr\/288949\/"},"modified":"2026-09-03T02:05:13","modified_gmt":"2026-09-03T02:05:13","slug":"us-open-qualifie-pour-le-second-tour-gael-monfils-fete-ses-40-ans-avec-un-public-qui-a-donne-de-la-voix","status":"publish","type":"post","link":"https:\/\/www.europesays.com\/ch-fr\/288949\/","title":{"rendered":"US Open : qualifi\u00e9 pour le second tour, Ga\u00ebl Monfils f\u00eate ses 40 ans avec un public qui a donn\u00e9 de la voix"},"content":{"rendered":"<p class=\"article-p mdl\">Les adieux en Grand Chelem attendront : le v\u00e9t\u00e9ran fran\u00e7ais\u00a0<a class=\"link\" href=\"https:\/\/www.rtl.fr\/sport\/autres-sports\/roland-garros-je-vous-aime-je-vous-dois-tout-gael-monfils-fait-ses-adieux-au-public-parisien-apres-un-match-plein-d-emotions-contre-hugo-gaston-7900638668\" title=\"&quot;Roland-Garros je vous aime, je vous dois tout&quot; : Ga\u00ebl Monfils fait ses adieux au public parisien apr\u00e8s un match plein d&#039;\u00e9motions contre Hugo Gaston\" rel=\"nofollow noopener\" target=\"_blank\">Ga\u00ebl Monfils<\/a>\u00a0a c\u00e9l\u00e9br\u00e9 ses 40 ans mardi 1er septembre en se qualifiant pour le deuxi\u00e8me tour de l&rsquo;US Open gr\u00e2ce \u00e0 sa victoire contre le Paraguayen Adolfo Daniel Vallejo (60e), de 18 ans son cadet. L&rsquo;ex-N.6 mondial, aujourd&rsquo;hui 311e, s&rsquo;est impos\u00e9 2-6, 6-1, 6-2, 6-0 pour devenir le troisi\u00e8me quadrag\u00e9naire \u00e0 remporter un match \u00e0 l&rsquo;US Open dans le tableau masculin apr\u00e8s l&rsquo;Australien Ken Rosewall (42 ans en 1977) et l&rsquo;Am\u00e9ricain Jimmy Connors (40 ans en 1992).\u00a0<\/p>\n<p class=\"article-p mdl\">\u00c0 quelques semaines de sa retraite apr\u00e8s le Masters 1000 de Paris, les New-Yorkais se sont press\u00e9s pour assister aux derni\u00e8res heures du showman dans sa deuxi\u00e8me ville de c\u0153ur. L&rsquo;histoire d&rsquo;amour entre \u00ab\u00a0La Monf\u00a0\u00bb et le public du Queens ne date pas d&rsquo;hier : il y a eu son parcours sans perdre un set jusqu&rsquo;en demi-finales en 2016, battu par le Serbe Novak Djokovic.\u00a0 Ou encore ce match \u00e9pique en 2014, lorsqu&rsquo;il m\u00e8ne deux sets \u00e0 rien contre le Suisse Roger Federer, se procure deux balles de matches dans le quatri\u00e8me set avant de c\u00e9der finalement dans le cinqui\u00e8me en 3h20.\u00a0<\/p>\n<p>            Une entr\u00e9e comme une rockstar<\/p>\n<p class=\"article-p mdl\">Dans le stade Louis-Armstrong, le deuxi\u00e8me dans la hi\u00e9rarchie \u00e0 Flushing-Meadows, le Parisien est entr\u00e9 comme une rockstar, sous les cris des spectateurs, dont le vacarme n&rsquo;a pas cess\u00e9 du match. Il n&rsquo;\u00e9tait pas rare de voir des drapeaux tricolores, des pancartes \u00e0 l&rsquo;effigie du joueur, dont une sur laquelle \u00e9tait inscrite une revisite de la c\u00e9l\u00e8bre citation du boxeur Mohamed Ali \u00ab\u00a0Vole comme le papillon, pique comme Monfils (Float like a Butterfly, sting like a Monfils).\u00a0<\/p>\n<p class=\"article-p mdl\">Pourtant, le laur\u00e9at de 13 titres individuels sur le circuit a compl\u00e8tement manqu\u00e9 son d\u00e9but de match, passif au retour et trop impr\u00e9cis sur ses coups, sans doute pris par l&rsquo;enjeu. \u00ab\u00a0J&rsquo;ai senti qu&rsquo;au premier set il y avait beaucoup de tension, je me tiens tr\u00e8s haut. Je ne me sens pas si mal mais j&rsquo;ai toujours cette peur de me donner \u00e0 100% parce que je n&rsquo;ai pas non plus un r\u00e9servoir de malade (\u00e0 mon \u00e2ge)\u00a0\u00bb, a-t-il expliqu\u00e9 en conf\u00e9rence de presse.\u00a0\u00a0<\/p>\n<p class=\"article-p mdl\">Le doyen du tournoi a finalement c\u00e9d\u00e9 la manche en un peu plus de 35 minutes sur un coup droit trop appuy\u00e9. Mais \u00ab\u00a0La Monf\u00a0\u00bb a rectifi\u00e9 le tir d\u00e8s la deuxi\u00e8me, au cours de laquelle il a \u00e9t\u00e9 bien plus entreprenant et en r\u00e9ussite, \u00e0 l&rsquo;image de ce revers foudroyant long de ligne qui a ravi le public du Queens.\u00a0<\/p>\n<p>            \u00ab\u00a0Ca fait plaisir de le battre s\u00e8chement\u00a0\u00bb<\/p>\n<p class=\"article-p mdl\">Men\u00e9 5 jeux \u00e0 rien, Vallejo a compl\u00e8tement disparu, lui aussi spectateur des coups gagnants de son adversaire qui haranguait la foule, la main sur les oreilles pour r\u00e9clamer encore plus de bruit.\u00a0 Le sc\u00e9nario s&rsquo;est r\u00e9p\u00e9t\u00e9 dans les deux manches suivantes. Monfils a break\u00e9 vite et s&rsquo;est montr\u00e9 bien plus efficace sur ses jeux de service que le Paraguayen (79% de points gagn\u00e9s en premi\u00e8re contre 57%).\u00a0 Le Parisien n&rsquo;a m\u00eame pas laiss\u00e9 une miette \u00e0 Vallejo dans le dernier set, conclu par une bulle, un jeu blanc et un ace, la totale.\u00a0<\/p>\n<p class=\"article-p mdl\">C&rsquo;est une petite fiert\u00e9 pour celui qui r\u00eavait d&rsquo;\u00eatre comp\u00e9titif \u00e0 40 ans, qui stimule un peu l&rsquo;\u00e9go aussi. \u00ab\u00a0Il a 22 ans, donc content forc\u00e9ment, \u00e7a fait plaisir de le battre s\u00e8chement\u00a0\u00bb, s&rsquo;est-il vant\u00e9, tout sourire. En guise de remerciements, le stade lui a souhait\u00e9 un joyeux anniversaire, en chanson. \u00ab\u00a0Vous \u00eates vraiment un public incroyable, vous rendez l&rsquo;atmosph\u00e8re \u00e9lectrique \u00e0 chaque fois. On en garde pour le tour suivant\u00a0\u00bb, s&rsquo;est-il r\u00e9joui dans son interview d&rsquo;apr\u00e8s-match sur le court.\u00a0<\/p>\n<p class=\"article-p mdl\">New York aura donc droit \u00e0 une date suppl\u00e9mentaire du v\u00e9t\u00e9ran fran\u00e7ais, contre l&rsquo;Am\u00e9ricain Learner Tien (15e), pour faire durer encore un peu le plaisir de son baroud d&rsquo;honneur en Grand Chelem.\u00a0\u00a0<\/p>\n<p>    La r\u00e9daction vous recommande<\/p>\n<p class=\"s-newsletter__title\">\n                L\u2019actualit\u00e9 par la r\u00e9daction de RTL dans votre bo\u00eete mail.\n            <\/p>\n<p class=\"s-newsletter__subtitle\">\n                Gr\u00e2ce \u00e0 votre compte RTL abonnez-vous \u00e0 la newsletter RTL info pour suivre toute l&rsquo;actualit\u00e9 au quotidien\n            <\/p>\n<p>\n                                    Lire la suite\n                                <\/p>\n<p class=\"article-google-preferred__title\">Ne laissez pas Google d\u00e9cider de vos sources.<\/p>\n<p>    <a href=\"https:\/\/www.google.com\/preferences\/source?q=https:\/\/www.rtl.fr\" target=\"_blank\" rel=\"noopener noreferrer nofollow\" class=\"article-google-preferred__btn at-class\" data-at-event=\"action\" data-at-category=\"actualite\" data-at-chapter1=\"pied_article\" data-at-chapter2=\"sport_autres_sports\" data-at-click=\"favori_google\">Ajouter RTL comme source pr\u00e9f\u00e9r\u00e9e<\/a><\/p>\n","protected":false},"excerpt":{"rendered":"Les adieux en Grand Chelem attendront : le v\u00e9t\u00e9ran fran\u00e7ais\u00a0Ga\u00ebl Monfils\u00a0a c\u00e9l\u00e9br\u00e9 ses 40 ans mardi 1er septembre&hellip;\n","protected":false},"author":2,"featured_media":288950,"comment_status":"","ping_status":"","sticky":false,"template":"","format":"standard","meta":{"footnotes":"","_share_on_mastodon":"0"},"categories":[8],"tags":[297,11889,22983,75,23,4344,42963],"class_list":["post-288949","post","type-post","status-publish","format-standard","has-post-thumbnail","category-sports","tag-fil-info","tag-fil-sport","tag-gael-monfils","tag-sports","tag-suisse","tag-tennis","tag-us-open"],"share_on_mastodon":{"url":"https:\/\/pubeurope.com\/@ch_fr\/117204662863764936","error":""},"_links":{"self":[{"href":"https:\/\/www.europesays.com\/ch-fr\/wp-json\/wp\/v2\/posts\/288949","targetHints":{"allow":["GET"]}}],"collection":[{"href":"https:\/\/www.europesays.com\/ch-fr\/wp-json\/wp\/v2\/posts"}],"about":[{"href":"https:\/\/www.europesays.com\/ch-fr\/wp-json\/wp\/v2\/types\/post"}],"author":[{"embeddable":true,"href":"https:\/\/www.europesays.com\/ch-fr\/wp-json\/wp\/v2\/users\/2"}],"replies":[{"embeddable":true,"href":"https:\/\/www.europesays.com\/ch-fr\/wp-json\/wp\/v2\/comments?post=288949"}],"version-history":[{"count":0,"href":"https:\/\/www.europesays.com\/ch-fr\/wp-json\/wp\/v2\/posts\/288949\/revisions"}],"wp:featuredmedia":[{"embeddable":true,"href":"https:\/\/www.europesays.com\/ch-fr\/wp-json\/wp\/v2\/media\/288950"}],"wp:attachment":[{"href":"https:\/\/www.europesays.com\/ch-fr\/wp-json\/wp\/v2\/media?parent=288949"}],"wp:term":[{"taxonomy":"category","embeddable":true,"href":"https:\/\/www.europesays.com\/ch-fr\/wp-json\/wp\/v2\/categories?post=288949"},{"taxonomy":"post_tag","embeddable":true,"href":"https:\/\/www.europesays.com\/ch-fr\/wp-json\/wp\/v2\/tags?post=288949"}],"curies":[{"name":"wp","href":"https:\/\/api.w.org\/{rel}","templated":true}]}}