{"id":288953,"date":"2026-09-03T02:07:17","date_gmt":"2026-09-03T02:07:17","guid":{"rendered":"https:\/\/www.europesays.com\/ch-fr\/288953\/"},"modified":"2026-09-03T02:07:17","modified_gmt":"2026-09-03T02:07:17","slug":"nscale-annonce-un-chiffre-daffaires-contractuel-de-103-milliards-de-dollars-a-lapproche-dune-eventuelle-introduction-en-bourse-selon-the-information-03-09-2026-a-0028","status":"publish","type":"post","link":"https:\/\/www.europesays.com\/ch-fr\/288953\/","title":{"rendered":"Nscale annonce un chiffre d&rsquo;affaires contractuel de 103 milliards de dollars \u00e0 l&rsquo;approche d&rsquo;une \u00e9ventuelle introduction en bourse, selon The Information &#8211; 03\/09\/2026 \u00e0 00:28"},"content":{"rendered":"<p>\n ((Traduction automatis\u00e9e par Reuters \u00e0 l&rsquo;aide de l&rsquo;apprentissage<br \/>\nautomatique et de l&rsquo;IA g\u00e9n\u00e9rative, veuillez vous r\u00e9f\u00e9rer \u00e0<br \/>\nl&rsquo;avertissement suivant: https:\/\/bit.ly\/rtrsauto))\n<\/p>\n<p>\n (Ajoute des pr\u00e9cisions tout au long du texte)\n<\/p>\n<p>\n Nscale indique aux investisseurs<br \/>\npotentiels qu\u2019elle dispose d\u2019un chiffre d\u2019affaires total sous<br \/>\ncontrat d\u2019environ 103 milliards de dollars, en amont d\u2019une<br \/>\nintroduction en bourse qui pourrait avoir lieu d\u00e8s ce mois-ci, a<br \/>\nrapport\u00e9 mercredi The Information, citant des documents<br \/>\ncommuniqu\u00e9s aux investisseurs.\n<\/p>\n<p>\n Fin ao\u00fbt,Reuters avait rapport\u00e9   qu\u2019Anthropic allait<br \/>\nd\u00e9penser 45 milliards de dollars pour louer de la puissance de<br \/>\ncalcul cloud d\u00e9di\u00e9e \u00e0 l\u2019IA aupr\u00e8s du campus de centres de<br \/>\ndonn\u00e9es de Nscale situ\u00e9 en Virginie-Occidentale.\n<\/p>\n<p>\n * Les contrats de Nscale ont une dur\u00e9e moyenne de 5,7 ans,<br \/>\nce qui implique environ 18 milliards de dollars de chiffre<br \/>\nd\u2019affaires contractuel annualis\u00e9, selon les documents examin\u00e9s<br \/>\npar The Information.\n<\/p>\n<p>\n * Une autre source proche des discussions a pr\u00e9cis\u00e9 que les<br \/>\nchiffres de Nscale \u00e9taient \u201cindicatifs\u201d et ne constituaient pas<br \/>\nde pr\u00e9visions officielles de chiffre d\u2019affaires, indique<br \/>\nl\u2019article.\n<\/p>\n<p>\n * Nscale, qui b\u00e9n\u00e9ficie du soutien de Nvidia<br \/>\n <a href=\"https:\/\/www.boursorama.com\/cours\/NVDA\/\" title=\"NVIDIA\" rel=\"nofollow noopener\" target=\"_blank\"><br \/>\n  NVDA.O<br \/>\n <\/a><br \/>\n , n\u2019a<br \/>\npas imm\u00e9diatement r\u00e9pondu \u00e0 une demande de commentaire de<br \/>\nReuters.\n<\/p>\n<p>\n * La soci\u00e9t\u00e9 britannique, fournisseur d\u2019infrastructures<br \/>\ncloud, d\u00e9ploiera les nouvelles puces Vera Rubin de Nvidia\n<\/p>\n<p>\n <a href=\"https:\/\/www.boursorama.com\/cours\/NVDA\/\" title=\"NVIDIA\" rel=\"nofollow noopener\" target=\"_blank\"><br \/>\n  NVDA.O<br \/>\n <\/a><br \/>\n pour r\u00e9pondre aux besoins informatiques d\u2019Anthropic<br \/>\ndans le cadre de cet accord de 45 milliards de dollars.<\/p>\n","protected":false},"excerpt":{"rendered":"((Traduction automatis\u00e9e par Reuters \u00e0 l&rsquo;aide de l&rsquo;apprentissage automatique et de l&rsquo;IA g\u00e9n\u00e9rative, veuillez vous r\u00e9f\u00e9rer \u00e0 l&rsquo;avertissement&hellip;\n","protected":false},"author":2,"featured_media":288954,"comment_status":"","ping_status":"","sticky":false,"template":"","format":"standard","meta":{"footnotes":"","_share_on_mastodon":"0"},"categories":[6],"tags":[48,46,56,45,53,44,43,51,50,47,52,49,23,54,55],"class_list":["post-288953","post","type-post","status-publish","format-standard","has-post-thumbnail","category-economie","tag-action-cac-40","tag-bourse-de-paris","tag-boursorama","tag-business","tag-cotations","tag-economie","tag-economy","tag-indices-devises","tag-investir","tag-investissement","tag-marche-boursier","tag-sicav","tag-suisse","tag-trackers","tag-warrants"],"share_on_mastodon":{"url":"https:\/\/pubeurope.com\/@ch_fr\/117204671260341646","error":""},"_links":{"self":[{"href":"https:\/\/www.europesays.com\/ch-fr\/wp-json\/wp\/v2\/posts\/288953","targetHints":{"allow":["GET"]}}],"collection":[{"href":"https:\/\/www.europesays.com\/ch-fr\/wp-json\/wp\/v2\/posts"}],"about":[{"href":"https:\/\/www.europesays.com\/ch-fr\/wp-json\/wp\/v2\/types\/post"}],"author":[{"embeddable":true,"href":"https:\/\/www.europesays.com\/ch-fr\/wp-json\/wp\/v2\/users\/2"}],"replies":[{"embeddable":true,"href":"https:\/\/www.europesays.com\/ch-fr\/wp-json\/wp\/v2\/comments?post=288953"}],"version-history":[{"count":0,"href":"https:\/\/www.europesays.com\/ch-fr\/wp-json\/wp\/v2\/posts\/288953\/revisions"}],"wp:featuredmedia":[{"embeddable":true,"href":"https:\/\/www.europesays.com\/ch-fr\/wp-json\/wp\/v2\/media\/288954"}],"wp:attachment":[{"href":"https:\/\/www.europesays.com\/ch-fr\/wp-json\/wp\/v2\/media?parent=288953"}],"wp:term":[{"taxonomy":"category","embeddable":true,"href":"https:\/\/www.europesays.com\/ch-fr\/wp-json\/wp\/v2\/categories?post=288953"},{"taxonomy":"post_tag","embeddable":true,"href":"https:\/\/www.europesays.com\/ch-fr\/wp-json\/wp\/v2\/tags?post=288953"}],"curies":[{"name":"wp","href":"https:\/\/api.w.org\/{rel}","templated":true}]}}