{"id":288979,"date":"2026-09-03T02:35:11","date_gmt":"2026-09-03T02:35:11","guid":{"rendered":"https:\/\/www.europesays.com\/ch-fr\/288979\/"},"modified":"2026-09-03T02:35:11","modified_gmt":"2026-09-03T02:35:11","slug":"fribourg-gotteron-lance-sa-saison-en-champions-hockey-league","status":"publish","type":"post","link":"https:\/\/www.europesays.com\/ch-fr\/288979\/","title":{"rendered":"Fribourg-Gott\u00e9ron lance sa saison en Champions Hockey League"},"content":{"rendered":"<p class=\"wysiwyg-h2\">Fribourg-Gott\u00e9ron, Gen\u00e8ve-Servette et Davos entament leur saison cette semaine avec leurs premiers matches de Champions Hockey League. Les Dragons ouvrent les feux jeudi \u00e0 Graz, en Autriche.<\/p>\n<p>Apr\u00e8s ce premier match qui aura lieu \u00e0 18h30, les champions de Suisse resteront en Autriche pour y affronter Klagenfurt samedi. Sur le plan des d\u00e9placements, les Fribourgeois s&rsquo;en sortent nettement mieux et \u00e0 moindre co\u00fbt que les autres \u00e9quipes suisses. Gen\u00e8ve-Servette et Davos devront en effet prendre deux fois l&rsquo;avion dans cette phase de ligue pour se rendre en Su\u00e8de.<\/p>\n<p>Les clubs suisses font donc assur\u00e9ment partie des favoris cette saison. &lsquo;Nous avons vu comment Gen\u00e8ve et Zurich ont remport\u00e9 la Coupe ces derni\u00e8res ann\u00e9es, et nous avons la m\u00eame ambition&rsquo;, explique le directeur sportif de Gott\u00e9ron Gerd Zenh\u00e4usern.<\/p>\n<p>L&rsquo;entra\u00eeneur fribourgeois Roger R\u00f6nnberg ne consid\u00e8re pas l&rsquo;entame autrichienne de son \u00e9quipe comme une formalit\u00e9. &lsquo;Graz n&rsquo;a perdu aucun match en play-off. Ils jouent dans une patinoire qu&rsquo;ils appellent le +Bunker+. Ce sera une t\u00e2che difficile. Et affronter Klagenfurt, le club autrichien le plus titr\u00e9 de l&rsquo;histoire, est aussi un grand d\u00e9fi&rsquo;, estime-t-il.<\/p>\n<p>Gen\u00e8ve-Servette et Davos disputeront leur premier match vendredi soir \u00e0 domicile (19h45). Les Aigles re\u00e7oivent les Eisb\u00e4ren Berlin et les Grisons les Norv\u00e9giens de Storhamar.<\/p>\n<p> \/ATS<\/p>\n","protected":false},"excerpt":{"rendered":"Fribourg-Gott\u00e9ron, Gen\u00e8ve-Servette et Davos entament leur saison cette semaine avec leurs premiers matches de Champions Hockey League. Les&hellip;\n","protected":false},"author":2,"featured_media":288980,"comment_status":"","ping_status":"","sticky":false,"template":"","format":"standard","meta":{"footnotes":"","_share_on_mastodon":"0"},"categories":[17],"tags":[121,124,128,119,122,123,170,169,118,136,132,131,133,130,135,120,126,117,125,114,115,116,23,129,127,134],"class_list":["post-288979","post","type-post","status-publish","format-standard","has-post-thumbnail","category-geneve","tag-ajoie","tag-animation","tag-bienne","tag-delemont","tag-franches-montagnes","tag-frequence","tag-geneva","tag-geneve","tag-jura","tag-jura-bernois","tag-la-chaux-de-fonds","tag-moutier","tag-neuchatel","tag-neuveville","tag-payerne","tag-porrentruy","tag-publicite","tag-radio","tag-redaction","tag-rfj","tag-rjb","tag-rtn","tag-suisse","tag-tavannes","tag-vallon-de-st-imier","tag-yverdon"],"share_on_mastodon":{"url":"https:\/\/pubeurope.com\/@ch_fr\/117204780674689788","error":""},"_links":{"self":[{"href":"https:\/\/www.europesays.com\/ch-fr\/wp-json\/wp\/v2\/posts\/288979","targetHints":{"allow":["GET"]}}],"collection":[{"href":"https:\/\/www.europesays.com\/ch-fr\/wp-json\/wp\/v2\/posts"}],"about":[{"href":"https:\/\/www.europesays.com\/ch-fr\/wp-json\/wp\/v2\/types\/post"}],"author":[{"embeddable":true,"href":"https:\/\/www.europesays.com\/ch-fr\/wp-json\/wp\/v2\/users\/2"}],"replies":[{"embeddable":true,"href":"https:\/\/www.europesays.com\/ch-fr\/wp-json\/wp\/v2\/comments?post=288979"}],"version-history":[{"count":0,"href":"https:\/\/www.europesays.com\/ch-fr\/wp-json\/wp\/v2\/posts\/288979\/revisions"}],"wp:featuredmedia":[{"embeddable":true,"href":"https:\/\/www.europesays.com\/ch-fr\/wp-json\/wp\/v2\/media\/288980"}],"wp:attachment":[{"href":"https:\/\/www.europesays.com\/ch-fr\/wp-json\/wp\/v2\/media?parent=288979"}],"wp:term":[{"taxonomy":"category","embeddable":true,"href":"https:\/\/www.europesays.com\/ch-fr\/wp-json\/wp\/v2\/categories?post=288979"},{"taxonomy":"post_tag","embeddable":true,"href":"https:\/\/www.europesays.com\/ch-fr\/wp-json\/wp\/v2\/tags?post=288979"}],"curies":[{"name":"wp","href":"https:\/\/api.w.org\/{rel}","templated":true}]}}