{"id":288981,"date":"2026-09-03T02:42:07","date_gmt":"2026-09-03T02:42:07","guid":{"rendered":"https:\/\/www.europesays.com\/ch-fr\/288981\/"},"modified":"2026-09-03T02:42:07","modified_gmt":"2026-09-03T02:42:07","slug":"tapisserie-de-bayeux-une-inauguration-a-londres-sous-le-signe-de-lentente-cordiale","status":"publish","type":"post","link":"https:\/\/www.europesays.com\/ch-fr\/288981\/","title":{"rendered":"Tapisserie de Bayeux : une inauguration \u00e0 Londres sous le signe de l\u2019entente cordiale"},"content":{"rendered":"<p>\n    Au British Museum, le roi Charles III et Emmanuel Macron, accompagn\u00e9s de leurs \u00e9pouses, ont officiellement d\u00e9couvert l\u2019\u0153uvre dont le pr\u00eat a \u00e9t\u00e9 tellement critiqu\u00e9. Un million de visiteurs sont attendus \u00e0 partir du 10 septembre.<\/p>\n<p class=\"fig-paragraph\">La couronne britannique avait gard\u00e9 le myst\u00e8re jusqu\u2019au bout, ne confirmant ni n\u2019infirmant la participation du roi\u00a0<a href=\"https:\/\/video.lefigaro.fr\/figaro\/politique\/emmanuel-macron-et-charles-iii-decouvrent-la-tapisserie-de-bayeux-au-british-museum-20260902\" data-fig-type=\"Video\" data-gtm-custom-categorie=\"navigation\" data-gtm-custom-action=\"crossclick\" data-gtm-custom-label=\"Contextuel\" data-gtm-event=\"customEventSPE\" data-fig-domain=\"LEFIGARO\" rel=\"nofollow noopener\" target=\"_blank\">Charles III<\/a>\u00a0et de la reine Camilla \u00e0 l\u2019inauguration de l\u2019exposition de la tapisserie de Bayeux, au\u00a0<a href=\"http:\/\/www.lefigaro.fr\/culture\/patrimoine\/le-british-museum-n-est-plus-le-musee-le-plus-frequente-de-londres-20260329\" data-fig-type=\"NewsFlash\" data-gtm-custom-categorie=\"navigation\" data-gtm-custom-action=\"crossclick\" data-gtm-custom-label=\"Contextuel\" data-gtm-event=\"customEventSPE\" data-fig-domain=\"LEFIGARO\" rel=\"nofollow noopener\" target=\"_blank\">British Museum<\/a>. Mercredi 2\u00a0septembre, quelques heures avant ce qui s\u2019annonce comme le grand \u00e9v\u00e9nement culturel de Londres, la nouvelle de l\u2019arriv\u00e9e royale a finalement \u00e9t\u00e9 confirm\u00e9e\u00a0: leurs majest\u00e9s \u00e9taient attendues \u00e0 18\u00a0heures, accompagn\u00e9es du pr\u00e9sident fran\u00e7ais et de son \u00e9pouse, ainsi que du premier ministre Andy Burnham.<\/p>\n<p class=\"fig-paragraph\">D\u00e8s 17\u00a0heures, une foule de badauds s\u2019\u00e9tait rassembl\u00e9e aux grilles du grand mus\u00e9e, portable en main. Une \u00e9lectricit\u00e9 dans l\u2019air se faisait sentir, la police tentant de laisser passer un \u00e0 un les invit\u00e9s \u2013 m\u00e9c\u00e8nes, d\u00e9l\u00e9gation fran\u00e7aise accompagnant Emmanuel Macron, ambassadeurs, conservateurs de mus\u00e9es, ainsi que deux classes de lyc\u00e9es, une du lyc\u00e9e bilingue Winston Churchill et une du lyc\u00e9e fran\u00e7ais Charles de Gaulle. \u00c0 l\u2019int\u00e9rieur de la cour, une rang\u00e9e\u2026<\/p>\n<p class=\"fig-premium-paywall__infos\">\n        Cet article est r\u00e9serv\u00e9 aux abonn\u00e9s.        Il vous reste 87% \u00e0 d\u00e9couvrir.\n    <\/p>\n<p>                <img  data- alt=\"Le Figaro\" class=\"fig-img--complete fig-img\"\/><\/p>\n<p class=\"fig-premium-paywall__title\">Vente Flash<\/p>\n<p class=\"fig-premium-paywall__subtitle\">-70% sur votre abonnement. Sans engagement.<\/p>\n<p class=\"fig-premium-paywall__connect\">\n                D\u00e9j\u00e0 abonn\u00e9\u00a0?                <a class=\"fig-premium-paywall__connect-link\" href=\"https:\/\/connect.lefigaro.fr\/login?client=horizon_web&amp;type=main&amp;redirect_uri=https%3A%2F%2Fwww.lefigaro.fr%2Farts-expositions%2Ftapisserie-de-bayeux-une-inauguration-a-londres-sous-le-signe-de-l-entente-cordiale-20260902\" data-js-gtm=\"{&quot;event&quot;:&quot;customEventGA4&quot;,&quot;eventName&quot;:&quot;click_action&quot;,&quot;feature&quot;:&quot;paywall&quot;,&quot;location&quot;:&quot;paywall&quot;,&quot;button_action&quot;:&quot;connect&quot;,&quot;click_text&quot;:&quot;Connectez-vous&quot;}\" rel=\"nofollow noopener\" target=\"_blank\"><br \/>\n                    Connectez-vous<br \/>\n                <\/a>\n            <\/p>\n","protected":false},"excerpt":{"rendered":"Au British Museum, le roi Charles III et Emmanuel Macron, accompagn\u00e9s de leurs \u00e9pouses, ont officiellement d\u00e9couvert l\u2019\u0153uvre&hellip;\n","protected":false},"author":2,"featured_media":288982,"comment_status":"","ping_status":"","sticky":false,"template":"","format":"standard","meta":{"footnotes":"","_share_on_mastodon":"0"},"categories":[10],"tags":[4119,113,4520,112,360,23,62862],"class_list":["post-288981","post","type-post","status-publish","format-standard","has-post-thumbnail","category-divertissement","tag-charles-iii","tag-divertissement","tag-emmanuel-macron","tag-entertainment","tag-londres","tag-suisse","tag-tapisserie-de-bayeux"],"share_on_mastodon":{"url":"https:\/\/pubeurope.com\/@ch_fr\/117204809017338071","error":""},"_links":{"self":[{"href":"https:\/\/www.europesays.com\/ch-fr\/wp-json\/wp\/v2\/posts\/288981","targetHints":{"allow":["GET"]}}],"collection":[{"href":"https:\/\/www.europesays.com\/ch-fr\/wp-json\/wp\/v2\/posts"}],"about":[{"href":"https:\/\/www.europesays.com\/ch-fr\/wp-json\/wp\/v2\/types\/post"}],"author":[{"embeddable":true,"href":"https:\/\/www.europesays.com\/ch-fr\/wp-json\/wp\/v2\/users\/2"}],"replies":[{"embeddable":true,"href":"https:\/\/www.europesays.com\/ch-fr\/wp-json\/wp\/v2\/comments?post=288981"}],"version-history":[{"count":0,"href":"https:\/\/www.europesays.com\/ch-fr\/wp-json\/wp\/v2\/posts\/288981\/revisions"}],"wp:featuredmedia":[{"embeddable":true,"href":"https:\/\/www.europesays.com\/ch-fr\/wp-json\/wp\/v2\/media\/288982"}],"wp:attachment":[{"href":"https:\/\/www.europesays.com\/ch-fr\/wp-json\/wp\/v2\/media?parent=288981"}],"wp:term":[{"taxonomy":"category","embeddable":true,"href":"https:\/\/www.europesays.com\/ch-fr\/wp-json\/wp\/v2\/categories?post=288981"},{"taxonomy":"post_tag","embeddable":true,"href":"https:\/\/www.europesays.com\/ch-fr\/wp-json\/wp\/v2\/tags?post=288981"}],"curies":[{"name":"wp","href":"https:\/\/api.w.org\/{rel}","templated":true}]}}