{"id":288983,"date":"2026-09-03T02:43:14","date_gmt":"2026-09-03T02:43:14","guid":{"rendered":"https:\/\/www.europesays.com\/ch-fr\/288983\/"},"modified":"2026-09-03T02:43:14","modified_gmt":"2026-09-03T02:43:14","slug":"ne-sous-estimez-pas-les-dangers-lies-aux-morsures-ou-aux-griffures-de-chiens-ou-de-chats","status":"publish","type":"post","link":"https:\/\/www.europesays.com\/ch-fr\/288983\/","title":{"rendered":"Ne sous-estimez pas les dangers li\u00e9s aux morsures ou aux griffures de chiens ou de chats."},"content":{"rendered":"<p><img decoding=\"async\" alt=\"Se faire vacciner contre la rage imm\u00e9diatement apr\u00e8s avoir \u00e9t\u00e9 mordu par un chien ou un chat est le meilleur moyen de pr\u00e9venir la rage chez l'homme.  \" hideclass=\"\" src=\"https:\/\/www.europesays.com\/ch-fr\/wp-content\/uploads\/2026\/09\/1788398112767_tiem-vaccine-dai_20260903080240.jpeg\" style=\"float: center;cursor:pointer\"\/> Se faire vacciner contre la rage imm\u00e9diatement apr\u00e8s avoir \u00e9t\u00e9 mordu par un chien ou un chat est le meilleur moyen de pr\u00e9venir la rage chez l&rsquo;homme.<\/p>\n<p> D\u00e9but ao\u00fbt 2026, un gar\u00e7on de 10 ans, D.GP, d\u00e9c\u00e8de de la rage dans la commune de Bu Gia Map. Selon l&rsquo;enqu\u00eate \u00e9pid\u00e9miologique men\u00e9e par le service <a class=\"data-link\" data-org-href=\"https:\/\/www.vietnam.vn\/fr\/category\/y-te\" href=\"https:\/\/www.vietnam.vn\/fr\/category\/y-te\" title=\"M\u00e9dical\" target=\"_blank\" rel=\"nofollow noopener\">de sant\u00e9<\/a> et les autorit\u00e9s v\u00e9t\u00e9rinaires de Bu Gia Map, d\u00e9but mars 2026, la famille du gar\u00e7on a acquis un petit chien non vaccin\u00e9 contre la rage. Vers la fin juillet 2026, l&rsquo;animal a commenc\u00e9 \u00e0 pr\u00e9senter des signes de maladie\u00a0: fatigue, perte d&rsquo;app\u00e9tit, puis est d\u00e9c\u00e9d\u00e9. La famille l&rsquo;a enterr\u00e9 derri\u00e8re sa maison sans en informer les autorit\u00e9s.<\/p>\n<p> Il est \u00e0 noter que, pendant toute la p\u00e9riode o\u00f9 le chien a \u00e9t\u00e9 gard\u00e9 comme animal de compagnie, et m\u00eame lorsqu&rsquo;il \u00e9tait malade, P. le nourrissait, jouait avec lui, le c\u00e2linait, l&#8217;embrassait et dormait m\u00eame avec lui. La famille ignore si le chien a l\u00e9ch\u00e9 des plaies ouvertes, griff\u00e9 ou mordu l&rsquo;enfant. D\u00e9but ao\u00fbt 2026, P. est tomb\u00e9e malade et sa famille l&rsquo;a emmen\u00e9e au centre de sant\u00e9 de la commune de Bu Gia Map pour un examen avant son transfert \u00e0 l&rsquo;h\u00f4pital g\u00e9n\u00e9ral de Binh Phuoc. L\u00e0, l&rsquo;enfant a commenc\u00e9 \u00e0 pr\u00e9senter les sympt\u00f4mes cliniques caract\u00e9ristiques de la rage, tels qu&rsquo;une fatigue extr\u00eame, des hallucinations, la peur du vent et du bruit, ainsi qu&rsquo;une incapacit\u00e9 \u00e0 manger et \u00e0 boire. P. a ensuite \u00e9t\u00e9 transf\u00e9r\u00e9e dans un autre h\u00f4pital, mais sa famille a demand\u00e9 \u00e0 la ramener chez elle\u00a0; elle est d\u00e9c\u00e9d\u00e9e en cours de route.<\/p>\n<p> Avant le d\u00e9c\u00e8s du b\u00e9b\u00e9 P., <a class=\"data-link\" data-org-href=\"https:\/\/www.vietnam.vn\/fr\/destination\/dong-nai\" href=\"https:\/\/www.vietnam.vn\/fr\/destination\/dong-nai\" title=\"Dong Nai\" target=\"_blank\" rel=\"nofollow noopener\">la province de Dong Nai<\/a> avait \u00e9galement enregistr\u00e9 deux d\u00e9c\u00e8s dus \u00e0 la rage cette ann\u00e9e. Il s&rsquo;agissait de Mme NTG (68 ans, r\u00e9sidant dans la commune de Xuan Que, mordue au dos de la main par un chien errant) et de M. D.VT (72 ans, r\u00e9sidant dans la commune de Bom Bo).<\/p>\n<p> D&rsquo;apr\u00e8s les statistiques du <a class=\"data-link\" data-org-href=\"https:\/\/www.vietnam.vn\/fr\/authors\/moh-gov-vn\" href=\"https:\/\/www.vietnam.vn\/fr\/authors\/moh-gov-vn\" title=\"minist\u00e8re de la Sant\u00e9\" target=\"_blank\" rel=\"nofollow noopener\">minist\u00e8re de la Sant\u00e9<\/a> , le Vietnam enregistre chaque ann\u00e9e entre 50 et 80 d\u00e9c\u00e8s dus \u00e0 la rage. La rage est une maladie infectieuse dangereuse caus\u00e9e par le virus de la rage, transmis des animaux \u00e0 l&rsquo;homme, principalement par les chiens et les chats. Il n&rsquo;existe actuellement aucun traitement sp\u00e9cifique contre cette maladie. Une fois les sympt\u00f4mes cliniques apparus, le taux de mortalit\u00e9 est proche de 100 %.<\/p>\n<p> Selon le Dr Luu Van Dung, directeur adjoint du d\u00e9partement de la sant\u00e9 de Dong Nai\u00a0: Bien qu\u2019il n\u2019existe aucun rem\u00e8de contre la rage, elle est totalement \u00e9vitable si les personnes se font vacciner de mani\u00e8re proactive et re\u00e7oivent un traitement pr\u00e9ventif en temps opportun apr\u00e8s avoir \u00e9t\u00e9 mordues ou griff\u00e9es par un animal.<\/p>\n<p> En cas de griffure ou de morsure par un chien, un chat ou un autre animal, lavez imm\u00e9diatement et abondamment la plaie \u00e0 l&rsquo;eau courante et au savon pendant environ 15 minutes. \u00c0 d\u00e9faut de savon, utilisez de l&rsquo;eau claire, puis d\u00e9sinfectez avec de l&rsquo;alcool \u00e0 70 % ou un antiseptique. Ne bandez pas la plaie et \u00e9vitez les contusions.<\/p>\n<p> Apr\u00e8s avoir prodigu\u00e9 les premiers soins, il est imp\u00e9ratif de se rendre imm\u00e9diatement dans un \u00e9tablissement m\u00e9dical pour un examen, une consultation et, si n\u00e9cessaire, une prescription de vaccin antirabique et de s\u00e9rum antirabique. Pour que le vaccin antirabique soit efficace, il est essentiel de recevoir toutes les doses selon le calendrier vaccinal prescrit par le m\u00e9decin. Il est absolument formellement d\u00e9conseill\u00e9 de s&rsquo;auto-m\u00e9dicamenter ou d&rsquo;utiliser des rem\u00e8des traditionnels ou de la m\u00e9decine populaire pour traiter la rage.<\/p>\n<p> Le Dr Luu Van Dung a soulign\u00e9\u00a0: \u00ab\u00a0Actuellement, la vaccination des chiens et des chats est obligatoire, mais dans les faits, nombreux sont ceux qui ne s\u2019y conforment pas. Par cons\u00e9quent, le taux de vaccination des chiens et des chats est insuffisant. De plus, il arrive encore que des personnes laissent leurs chiens et chats errer librement, ce qui repr\u00e9sente un danger pour la sant\u00e9 publique.\u00a0\u00bb<\/p>\n<p> Par cons\u00e9quent, afin de pr\u00e9venir la maladie, les propri\u00e9taires de chiens et de chats doivent faire vacciner leurs animaux contre la rage et leur administrer les rappels recommand\u00e9s par les v\u00e9t\u00e9rinaires. Parall\u00e8lement, ils doivent veiller \u00e0 ce que leurs animaux ne divaguent pas, \u00e9viter de jouer avec eux ou de les taquiner, et limiter les contacts avec les animaux pr\u00e9sentant un comportement inhabituel.<\/p>\n<p> De plus, les activit\u00e9s qui augmentent le risque d&rsquo;exposition directe au virus de la rage par les chiens et les chats doivent \u00eatre limit\u00e9es, comme le commerce et l&rsquo;abattage de ces animaux sans mesures de s\u00e9curit\u00e9 ad\u00e9quates. En cas de risque d&rsquo;exposition \u00e0 la rage, il est imp\u00e9ratif de se rendre imm\u00e9diatement dans un \u00e9tablissement m\u00e9dical pour b\u00e9n\u00e9ficier d&rsquo;un traitement et de soins pr\u00e9ventifs rapides.<\/p>\n<p style=\"text-align: right;\"> Hanh Dung<\/p>\n<p class=\"mb-0\"> Source : https:\/\/baodongnai.com.vn\/xa-hoi\/y-te\/202609\/ung-chu-quan-khi-bi-cho-meo-can-cao-55d0508\/<\/p>\n","protected":false},"excerpt":{"rendered":"Se faire vacciner contre la rage imm\u00e9diatement apr\u00e8s avoir \u00e9t\u00e9 mordu par un chien ou un chat est&hellip;\n","protected":false},"author":2,"featured_media":288984,"comment_status":"","ping_status":"","sticky":false,"template":"","format":"standard","meta":{"footnotes":"","_share_on_mastodon":"0"},"categories":[9],"tags":[83,35823,23048,84,23,5006],"class_list":["post-288983","post","type-post","status-publish","format-standard","has-post-thumbnail","category-sante","tag-health","tag-la-mort","tag-rage","tag-sante","tag-suisse","tag-vaccin"],"share_on_mastodon":{"url":"https:\/\/pubeurope.com\/@ch_fr\/117204812417756877","error":""},"_links":{"self":[{"href":"https:\/\/www.europesays.com\/ch-fr\/wp-json\/wp\/v2\/posts\/288983","targetHints":{"allow":["GET"]}}],"collection":[{"href":"https:\/\/www.europesays.com\/ch-fr\/wp-json\/wp\/v2\/posts"}],"about":[{"href":"https:\/\/www.europesays.com\/ch-fr\/wp-json\/wp\/v2\/types\/post"}],"author":[{"embeddable":true,"href":"https:\/\/www.europesays.com\/ch-fr\/wp-json\/wp\/v2\/users\/2"}],"replies":[{"embeddable":true,"href":"https:\/\/www.europesays.com\/ch-fr\/wp-json\/wp\/v2\/comments?post=288983"}],"version-history":[{"count":0,"href":"https:\/\/www.europesays.com\/ch-fr\/wp-json\/wp\/v2\/posts\/288983\/revisions"}],"wp:featuredmedia":[{"embeddable":true,"href":"https:\/\/www.europesays.com\/ch-fr\/wp-json\/wp\/v2\/media\/288984"}],"wp:attachment":[{"href":"https:\/\/www.europesays.com\/ch-fr\/wp-json\/wp\/v2\/media?parent=288983"}],"wp:term":[{"taxonomy":"category","embeddable":true,"href":"https:\/\/www.europesays.com\/ch-fr\/wp-json\/wp\/v2\/categories?post=288983"},{"taxonomy":"post_tag","embeddable":true,"href":"https:\/\/www.europesays.com\/ch-fr\/wp-json\/wp\/v2\/tags?post=288983"}],"curies":[{"name":"wp","href":"https:\/\/api.w.org\/{rel}","templated":true}]}}