{"id":289039,"date":"2026-09-03T03:40:26","date_gmt":"2026-09-03T03:40:26","guid":{"rendered":"https:\/\/www.europesays.com\/ch-fr\/289039\/"},"modified":"2026-09-03T03:40:26","modified_gmt":"2026-09-03T03:40:26","slug":"un-core-i7-et-16-go-de-ram-a-72999-e-ce-lenovo-veut-plier-le-match-a-la-rentree","status":"publish","type":"post","link":"https:\/\/www.europesays.com\/ch-fr\/289039\/","title":{"rendered":"Un Core i7 et 16 Go de RAM \u00e0 729,99 \u20ac : ce Lenovo veut plier le match \u00e0 la rentr\u00e9e"},"content":{"rendered":"<p>La rentr\u00e9e n\u2019a pas encore sonn\u00e9 que le Lenovo IdeaPad 3 17IAU7 sort d\u00e9j\u00e0 la calculette. Ce <a href=\"https:\/\/www.futura-sciences.com\/conso\/guides-achat\/guides-pc-tablettes-pc-portable-lenovo-choisir-2024-349\/\" rel=\"nofollow noopener\" target=\"_blank\">PC portable<\/a> 17 pouces \u00e9quip\u00e9 d\u2019un Intel Core i7, de 16 Go de RAM et d\u2019un SSD de 512 Go tombe \u00e0 seulement 729,99 \u20ac chez Cdiscount, une offre bien plac\u00e9e pour reprendre le travail ou les \u00e9tudes avec une configuration solide sous les doigts.<\/p>\n<p><a href=\"https:\/\/redirect.affilizz.com\/EmzMV_fd18cde63784781ce916b365552bdd43\" target=\"_blank\" rel=\"nofollow noopener\"><img loading=\"lazy\" decoding=\"async\" src=\"https:\/\/www.europesays.com\/ch-fr\/wp-content\/uploads\/2026\/09\/d27385eb_main.webp\" alt=\"Product image\" width=\"160\" height=\"160\" style=\"width: 80px; height: 80px; object-fit: contain; flex-shrink: 0;\"\/>PC Portable Lenovo IdeaPad 3 17IAU7\u00e0 partir de 729,99\u00a0\u20ac chez Cdiscount<\/a>Lenovo IdeaPad 3 17IAU7 : un grand \u00e9cran Full HD pour travailler confortablement<\/p>\n<p>Le Lenovo IdeaPad 3 17IAU7 mise sur un \u00e9cran IPS de 17,3 pouces en r\u00e9solution Full HD (1920 x 1080 pixels), un format g\u00e9n\u00e9reux qui apporte un vrai confort pour la bureautique, le t\u00e9l\u00e9travail ou les longues sessions de navigation. Sa dalle antireflet de 300 nits limite les reflets g\u00eanants, tandis que le clavier AZERTY avec pav\u00e9 num\u00e9rique facilite la saisie de chiffres et le travail sur des tableaux. Malgr\u00e9 son grand format, ce PC portable Lenovo conserve un ch\u00e2ssis relativement contenu avec 1,99 cm d\u2019\u00e9paisseur pour un poids de 2,10 kg. Sa finition Arctic Grey lui donne par ailleurs une allure sobre, facile \u00e0 int\u00e9grer dans un environnement professionnel comme \u00e0 la maison.<\/p>\n<p>Un Core i7, 16 Go de RAM et un SSD de 512 Go sous le capot<\/p>\n<p>La configuration du Lenovo IdeaPad 3 17IAU7 repose sur un processeur Intel Core i7-1355U accompagn\u00e9 de 16 Go de RAM DDR4 \u00e0 3 200 MHz. De quoi jongler confortablement avec plusieurs onglets, logiciels bureautiques et applications du quotidien sans rapidement mettre la machine \u00e0 genoux. Le SSD de 512 Go apporte un espace appr\u00e9ciable pour stocker documents, photos et fichiers tout en profitant de d\u00e9marrages rapides. La partie graphique est confi\u00e9e au chipset Intel Iris Xe int\u00e9gr\u00e9. La connectique comprend notamment de l\u2019USB-C 3.2 Gen 1 compatible DisplayPort et Power Delivery, un port HDMI, deux ports USB suppl\u00e9mentaires et un lecteur de carte SD, avec le Wi-Fi 6 et le Bluetooth 5.2 pour les connexions sans fil. Attention toutefois : cette version est livr\u00e9e sans syst\u00e8me d\u2019exploitation, Windows devra donc \u00eatre achet\u00e9 et install\u00e9 s\u00e9par\u00e9ment.<\/p>\n<p><a href=\"https:\/\/redirect.affilizz.com\/d1bXG_fd18cde63784781ce916b365552bdd43\" target=\"_blank\" rel=\"nofollow noopener\"><img loading=\"lazy\" decoding=\"async\" src=\"https:\/\/www.europesays.com\/ch-fr\/wp-content\/uploads\/2026\/09\/d27385eb_main.webp?p=front_m\" alt=\"Product image\" width=\"160\" height=\"160\" style=\"width: 80px; height: 80px; object-fit: contain; flex-shrink: 0;\"\/>PC Portable LENOVO IdeaPad 3 17IAU7  Sans Windows &#8211; 17 FHD &#8211; Intel i7-1355U &#8211; RAM 16 Go &#8211; SSD 512 Go &#8211; AZERTY\u00e0 partir de 729,99\u00a0\u20ac chez Cdiscount<\/a><\/p>\n<p>\n                    Les tarifs mentionn\u00e9s sont indicatifs et sujets \u00e0 des variations. Futura peut recevoir une compensation lorsque nos lecteurs effectuent un achat via les liens inclus dans cet article.<br \/>\n                    Votre soutien \u00e0 travers ces liens marchands contribue directement au maintien de notre contenu informatif.\n                <\/p>\n","protected":false},"excerpt":{"rendered":"La rentr\u00e9e n\u2019a pas encore sonn\u00e9 que le Lenovo IdeaPad 3 17IAU7 sort d\u00e9j\u00e0 la calculette. Ce PC&hellip;\n","protected":false},"author":2,"featured_media":289040,"comment_status":"","ping_status":"","sticky":false,"template":"","format":"standard","meta":{"footnotes":"","_share_on_mastodon":"0"},"categories":[7],"tags":[5135,9566,8106,12339,19615,61,57,59,58,23,60,62],"class_list":["post-289039","post","type-post","status-publish","format-standard","has-post-thumbnail","category-sciences-et-technologies","tag-cdiscount","tag-guides-pc-et-tablettes","tag-lenovo","tag-pc-portable","tag-pc-portables","tag-science","tag-science-and-technology","tag-sciences","tag-sciences-et-technologies","tag-suisse","tag-technologies","tag-technology"],"share_on_mastodon":{"url":"https:\/\/pubeurope.com\/@ch_fr\/117205036189773887","error":""},"_links":{"self":[{"href":"https:\/\/www.europesays.com\/ch-fr\/wp-json\/wp\/v2\/posts\/289039","targetHints":{"allow":["GET"]}}],"collection":[{"href":"https:\/\/www.europesays.com\/ch-fr\/wp-json\/wp\/v2\/posts"}],"about":[{"href":"https:\/\/www.europesays.com\/ch-fr\/wp-json\/wp\/v2\/types\/post"}],"author":[{"embeddable":true,"href":"https:\/\/www.europesays.com\/ch-fr\/wp-json\/wp\/v2\/users\/2"}],"replies":[{"embeddable":true,"href":"https:\/\/www.europesays.com\/ch-fr\/wp-json\/wp\/v2\/comments?post=289039"}],"version-history":[{"count":0,"href":"https:\/\/www.europesays.com\/ch-fr\/wp-json\/wp\/v2\/posts\/289039\/revisions"}],"wp:featuredmedia":[{"embeddable":true,"href":"https:\/\/www.europesays.com\/ch-fr\/wp-json\/wp\/v2\/media\/289040"}],"wp:attachment":[{"href":"https:\/\/www.europesays.com\/ch-fr\/wp-json\/wp\/v2\/media?parent=289039"}],"wp:term":[{"taxonomy":"category","embeddable":true,"href":"https:\/\/www.europesays.com\/ch-fr\/wp-json\/wp\/v2\/categories?post=289039"},{"taxonomy":"post_tag","embeddable":true,"href":"https:\/\/www.europesays.com\/ch-fr\/wp-json\/wp\/v2\/tags?post=289039"}],"curies":[{"name":"wp","href":"https:\/\/api.w.org\/{rel}","templated":true}]}}