{"id":289081,"date":"2026-09-03T04:20:09","date_gmt":"2026-09-03T04:20:09","guid":{"rendered":"https:\/\/www.europesays.com\/ch-fr\/289081\/"},"modified":"2026-09-03T04:20:09","modified_gmt":"2026-09-03T04:20:09","slug":"la-crise-historique-du-vin-suisse-aggrave-le-weingraben-entre-alemaniques-et-romands-le-temps","status":"publish","type":"post","link":"https:\/\/www.europesays.com\/ch-fr\/289081\/","title":{"rendered":"La crise historique du vin suisse aggrave le \u00abWeingraben\u00bb entre Al\u00e9maniques et Romands &#8211; Le Temps"},"content":{"rendered":"<p><a href=\"https:\/\/news.google.com\/rss\/articles\/CBMitAFBVV95cUxOYVFuWFNpcktjVnhRZU9wS1VPWVJxR1RHRkE2MFlpeHJpNEExWUhNYjQ1dl9Jc0s4RENqLTNYZVZBcWV1aWxSZktYVy1hOFVQeDc2bFppanlaUWNQSFY2V0YwWHFZX2xnM1IwX2NxSjJrSVQ3ZWFhWjdtaWRsMjREVVJTd2dwRzBZY0RpNERCOXM4UnN0TUhUNlV4WG81ZDFlZlh5R3NhY2Qxdy1nODIzb1htOFg?oc=5\" target=\"_blank\" rel=\"nofollow noopener\">La crise historique du vin suisse aggrave le \u00abWeingraben\u00bb entre Al\u00e9maniques et Romands<\/a>&nbsp;&nbsp;Le Temps<a href=\"https:\/\/news.google.com\/rss\/articles\/CBMiiAFBVV95cUxQV01OTHlSNUJMNTZRY3AtT2lqMXhFb1VkOWd4WlFNZTNHTW5OZnhsRmczSnZGck40R1A0ZWZ4M185ZDdudXVYTDE1SmFUWWQ5c3FPOHAyRWRudFh1QVJnRzkyWXZmZHZJM3JDek5rdEdYYUI3cjhHbzFlSTRDNlZWV0U2Y3NUVEhr?oc=5\" target=\"_blank\" rel=\"nofollow noopener\">Pas de prix indicatif pour la vendange 2026<\/a>&nbsp;&nbsp;Radio Chablais<a href=\"https:\/\/news.google.com\/rss\/articles\/CBMiwwFBVV95cUxQdjkxREwxS0JKRXNjVEtDaFVEQ2hIQlhkWXpfTkREY1k3TjRkTlpMTlVTQVNLcTIyMDBuX0hLMXlDV0w0UkhsanJkdGxRWTN1c0NsNHJ1b1FuWjhCRndZeW94NXp0NXpGUWwzaFhKOWM4ZTIwQTEybEpqNnRnaFM1bldaazNpZWVLVFhLQzYxM3hHWTljeF8ybk9JTWJjWEhtaDhvNTBCUnpONUZqeUlBZUFZUmNPSG00RUtOeW5ZSC1xT2M?oc=5\" target=\"_blank\" rel=\"nofollow noopener\">Viticulture : les producteurs de \u00ab\u00a0piquette\u00a0\u00bb n&rsquo;ont pas \u00e0 b\u00e9n\u00e9ficier de protection douani\u00e8re<\/a>&nbsp;&nbsp;Rh\u00f4ne FM<a href=\"https:\/\/news.google.com\/rss\/articles\/CBMisgFBVV95cUxNMm1VVEI0ZjRVVXBZN0J0eHViZWVFOHh4c1pfWVJlYUY5UUdNb0JzSTBGMTNScDEwdDBpRkxsb2xZVHptQ19DTno4cHZLVHJwVTVDcmV3N3o2TmpsX1pNczRGTFBId0M2WFBQcGc3YWFITnlIVVp3MHRjQzIxLW80cnA4X3hCU0VoWGcxLVhXc1ZTbXFKaTB3WlZCXzJfYUU3MVFRUmNuYkVhbTdoWmFtRVVR?oc=5\" target=\"_blank\" rel=\"nofollow noopener\">Viticulture : en Valais, les vendanges d\u00e9butent sans prix<\/a>&nbsp;&nbsp;rts.ch<\/p>\n","protected":false},"excerpt":{"rendered":"La crise historique du vin suisse aggrave le \u00abWeingraben\u00bb entre Al\u00e9maniques et Romands&nbsp;&nbsp;Le TempsPas de prix indicatif pour&hellip;\n","protected":false},"author":2,"featured_media":289082,"comment_status":"","ping_status":"","sticky":false,"template":"","format":"standard","meta":{"footnotes":"","_share_on_mastodon":"0"},"categories":[3],"tags":[242,44,169,224,174,23,274,325],"class_list":["post-289081","post","type-post","status-publish","format-standard","has-post-thumbnail","category-suisse","tag-agriculture","tag-economie","tag-geneve","tag-politique-federale","tag-premium","tag-suisse","tag-valais","tag-vaud"],"share_on_mastodon":{"url":"https:\/\/pubeurope.com\/@ch_fr\/117205193668570373","error":""},"_links":{"self":[{"href":"https:\/\/www.europesays.com\/ch-fr\/wp-json\/wp\/v2\/posts\/289081","targetHints":{"allow":["GET"]}}],"collection":[{"href":"https:\/\/www.europesays.com\/ch-fr\/wp-json\/wp\/v2\/posts"}],"about":[{"href":"https:\/\/www.europesays.com\/ch-fr\/wp-json\/wp\/v2\/types\/post"}],"author":[{"embeddable":true,"href":"https:\/\/www.europesays.com\/ch-fr\/wp-json\/wp\/v2\/users\/2"}],"replies":[{"embeddable":true,"href":"https:\/\/www.europesays.com\/ch-fr\/wp-json\/wp\/v2\/comments?post=289081"}],"version-history":[{"count":0,"href":"https:\/\/www.europesays.com\/ch-fr\/wp-json\/wp\/v2\/posts\/289081\/revisions"}],"wp:featuredmedia":[{"embeddable":true,"href":"https:\/\/www.europesays.com\/ch-fr\/wp-json\/wp\/v2\/media\/289082"}],"wp:attachment":[{"href":"https:\/\/www.europesays.com\/ch-fr\/wp-json\/wp\/v2\/media?parent=289081"}],"wp:term":[{"taxonomy":"category","embeddable":true,"href":"https:\/\/www.europesays.com\/ch-fr\/wp-json\/wp\/v2\/categories?post=289081"},{"taxonomy":"post_tag","embeddable":true,"href":"https:\/\/www.europesays.com\/ch-fr\/wp-json\/wp\/v2\/tags?post=289081"}],"curies":[{"name":"wp","href":"https:\/\/api.w.org\/{rel}","templated":true}]}}