{"id":289085,"date":"2026-09-03T04:25:11","date_gmt":"2026-09-03T04:25:11","guid":{"rendered":"https:\/\/www.europesays.com\/ch-fr\/289085\/"},"modified":"2026-09-03T04:25:11","modified_gmt":"2026-09-03T04:25:11","slug":"a-lancy-la-tribune-de-geneve-circule-entre-voisins","status":"publish","type":"post","link":"https:\/\/www.europesays.com\/ch-fr\/289085\/","title":{"rendered":"\u00c0 Lancy, la Tribune de Gen\u00e8ve circule entre voisins"},"content":{"rendered":"<p>\u00c0 Lancy, un exemplaire de la Tribune de Gen\u00e8ve circule d\u2019un \u00e9tage \u00e0 l\u2019autre dans un immeuble. Cette organisation permet \u00e0 des habitantes et habitants qui ne peuvent pas toujours s\u2019abonner, en raison du prix des journaux, de profiter du quotidien. Le passage du journal est devenu un v\u00e9ritable rituel de voisinage. Chaque dimanche apr\u00e8s-midi, l\u2019une des lectrices re\u00e7oit la personne qui lui apporte le journal pour partager un th\u00e9 et discuter. Au-del\u00e0 de la lecture, cette \u00abtranshumance\u00bb du quotidien cr\u00e9e des moments de rencontre, particuli\u00e8rement pr\u00e9cieux pour les personnes seules durant le week-end.<\/p>\n<p>R\u00e9sum\u00e9 g\u00e9n\u00e9r\u00e9 automatiquement \u00e0 partir du contenu audio de l\u2019\u00e9mission.<\/p>\n<p>Lire la transcription compl\u00e8te<\/p>\n<p>Sophie Gaillard re\u00e7oit Marie-Th\u00e9r\u00e8se, qui raconte une histoire l\u00e9g\u00e8re pour accompagner le d\u00e9but de l\u2019automne: celle d\u2019un exemplaire de la Tribune de Gen\u00e8ve qui voyage dans un immeuble \u00e0 Lancy.<\/p>\n<p>Une amie de Marie-Th\u00e9r\u00e8se, qui habite dans cet immeuble, ne peut plus s\u2019abonner au journal, comme beaucoup de personnes, en raison de son prix. Un exemplaire circule donc d\u2019un \u00e9tage \u00e0 l\u2019autre et passe de main en main entre les habitantes et les habitants.<\/p>\n<p>Cette circulation est devenue un moment de partage. Tous les dimanches apr\u00e8s-midi, l\u2019amie de Marie-Th\u00e9r\u00e8se re\u00e7oit la voisine qui lui apporte le journal. Elles prennent le th\u00e9, discutent et passent un bon moment ensemble.<\/p>\n<p>Sophie Gaillard plaisante sur ce \u00abtrafic\u00bb de journal, avant de souligner que ce partage permet aussi d\u2019\u00e9changer les bonnes comme les mauvaises nouvelles. Pour celles et ceux qui sont seuls, notamment le week-end, ce rendez-vous constitue un moment particuli\u00e8rement pr\u00e9cieux.<\/p>\n<p>La Tribune de Gen\u00e8ve continue ainsi son voyage \u00e0 travers l\u2019immeuble, en cr\u00e9ant du lien entre les voisins.<\/p>\n","protected":false},"excerpt":{"rendered":"\u00c0 Lancy, un exemplaire de la Tribune de Gen\u00e8ve circule d\u2019un \u00e9tage \u00e0 l\u2019autre dans un immeuble. Cette&hellip;\n","protected":false},"author":2,"featured_media":289086,"comment_status":"","ping_status":"","sticky":false,"template":"","format":"standard","meta":{"footnotes":"","_share_on_mastodon":"0"},"categories":[17],"tags":[170,169,23],"class_list":["post-289085","post","type-post","status-publish","format-standard","has-post-thumbnail","category-geneve","tag-geneva","tag-geneve","tag-suisse"],"share_on_mastodon":{"url":"https:\/\/pubeurope.com\/@ch_fr\/117205213304135082","error":""},"_links":{"self":[{"href":"https:\/\/www.europesays.com\/ch-fr\/wp-json\/wp\/v2\/posts\/289085","targetHints":{"allow":["GET"]}}],"collection":[{"href":"https:\/\/www.europesays.com\/ch-fr\/wp-json\/wp\/v2\/posts"}],"about":[{"href":"https:\/\/www.europesays.com\/ch-fr\/wp-json\/wp\/v2\/types\/post"}],"author":[{"embeddable":true,"href":"https:\/\/www.europesays.com\/ch-fr\/wp-json\/wp\/v2\/users\/2"}],"replies":[{"embeddable":true,"href":"https:\/\/www.europesays.com\/ch-fr\/wp-json\/wp\/v2\/comments?post=289085"}],"version-history":[{"count":0,"href":"https:\/\/www.europesays.com\/ch-fr\/wp-json\/wp\/v2\/posts\/289085\/revisions"}],"wp:featuredmedia":[{"embeddable":true,"href":"https:\/\/www.europesays.com\/ch-fr\/wp-json\/wp\/v2\/media\/289086"}],"wp:attachment":[{"href":"https:\/\/www.europesays.com\/ch-fr\/wp-json\/wp\/v2\/media?parent=289085"}],"wp:term":[{"taxonomy":"category","embeddable":true,"href":"https:\/\/www.europesays.com\/ch-fr\/wp-json\/wp\/v2\/categories?post=289085"},{"taxonomy":"post_tag","embeddable":true,"href":"https:\/\/www.europesays.com\/ch-fr\/wp-json\/wp\/v2\/tags?post=289085"}],"curies":[{"name":"wp","href":"https:\/\/api.w.org\/{rel}","templated":true}]}}