{"id":289103,"date":"2026-09-03T04:38:15","date_gmt":"2026-09-03T04:38:15","guid":{"rendered":"https:\/\/www.europesays.com\/ch-fr\/289103\/"},"modified":"2026-09-03T04:38:15","modified_gmt":"2026-09-03T04:38:15","slug":"lithium-de-largent-cantonal-contre-les-risques-dincendie","status":"publish","type":"post","link":"https:\/\/www.europesays.com\/ch-fr\/289103\/","title":{"rendered":"Lithium: de l\u2019argent cantonal contre les risques d\u2019incendie"},"content":{"rendered":"\n<p> Abo     Incendie d\u2019\u00c9cublens  \u2013   <\/p>\n<p> De l\u2019argent cantonal pour financer cam\u00e9ras thermiques et armoires de stockage <\/p>\n<p class=\"lead regular externalicon-big astro-odojtzmo\"> Alors que les solutions existent pour mieux prot\u00e9ger les centres de recyclage contre la probl\u00e9matique des batteries au lithium, l\u2019ECA a lanc\u00e9 en juillet un programme d&rsquo;aides financi\u00e8res.  <\/p>\n<p>   <img loading=\"lazy\" decoding=\"async\" src=\"https:\/\/www.europesays.com\/ch-fr\/wp-content\/uploads\/2026\/09\/1788410295_273_8tPVHjCKKgN8THgrLfwwxg.jpg\"  width=\"100\" height=\"100\"  alt=\"Thibault Nieuwe Weme\" class=\"AuthorImage -content-head authorimage astro-ivm7rlur astro-uymtm5hg\" style=\"background-color:#898988\"\/><img loading=\"lazy\" decoding=\"async\" src=\"https:\/\/www.europesays.com\/ch-fr\/wp-content\/uploads\/2026\/09\/2Z3mNSfua0l8KggW3Wv4JC.jpg\"  width=\"100\" height=\"100\"  alt=\"Fr\u00e9d\u00e9ric Ravussin\" class=\"AuthorImage -content-head authorimage astro-ivm7rlur astro-uymtm5hg\" style=\"background-color:#636363\"\/>         Publi\u00e9: 02.09.2026, 20h30                            LinkedIn Lien copi\u00e9 Error occurred        Facebook Lien copi\u00e9 Error occurred        X Lien copi\u00e9 Error occurred           E-mail Lien copi\u00e9 Error occurred        Copier le lien Lien copi\u00e9 Error occurred              <\/p>\n","protected":false},"excerpt":{"rendered":"Abo Incendie d\u2019\u00c9cublens \u2013 De l\u2019argent cantonal pour financer cam\u00e9ras thermiques et armoires de stockage Alors que les&hellip;\n","protected":false},"author":2,"featured_media":289104,"comment_status":"","ping_status":"","sticky":false,"template":"","format":"standard","meta":{"footnotes":"","_share_on_mastodon":"0"},"categories":[3],"tags":[11335,14409,251,37,23],"class_list":["post-289103","post","type-post","status-publish","format-standard","has-post-thumbnail","category-suisse","tag-depth","tag-municipality-ecublens-vd","tag-stats-editorial-team","tag-stats-seo","tag-suisse"],"share_on_mastodon":{"url":"https:\/\/pubeurope.com\/@ch_fr\/117205264896385741","error":""},"_links":{"self":[{"href":"https:\/\/www.europesays.com\/ch-fr\/wp-json\/wp\/v2\/posts\/289103","targetHints":{"allow":["GET"]}}],"collection":[{"href":"https:\/\/www.europesays.com\/ch-fr\/wp-json\/wp\/v2\/posts"}],"about":[{"href":"https:\/\/www.europesays.com\/ch-fr\/wp-json\/wp\/v2\/types\/post"}],"author":[{"embeddable":true,"href":"https:\/\/www.europesays.com\/ch-fr\/wp-json\/wp\/v2\/users\/2"}],"replies":[{"embeddable":true,"href":"https:\/\/www.europesays.com\/ch-fr\/wp-json\/wp\/v2\/comments?post=289103"}],"version-history":[{"count":0,"href":"https:\/\/www.europesays.com\/ch-fr\/wp-json\/wp\/v2\/posts\/289103\/revisions"}],"wp:featuredmedia":[{"embeddable":true,"href":"https:\/\/www.europesays.com\/ch-fr\/wp-json\/wp\/v2\/media\/289104"}],"wp:attachment":[{"href":"https:\/\/www.europesays.com\/ch-fr\/wp-json\/wp\/v2\/media?parent=289103"}],"wp:term":[{"taxonomy":"category","embeddable":true,"href":"https:\/\/www.europesays.com\/ch-fr\/wp-json\/wp\/v2\/categories?post=289103"},{"taxonomy":"post_tag","embeddable":true,"href":"https:\/\/www.europesays.com\/ch-fr\/wp-json\/wp\/v2\/tags?post=289103"}],"curies":[{"name":"wp","href":"https:\/\/api.w.org\/{rel}","templated":true}]}}