{"id":289113,"date":"2026-09-03T04:54:32","date_gmt":"2026-09-03T04:54:32","guid":{"rendered":"https:\/\/www.europesays.com\/ch-fr\/289113\/"},"modified":"2026-09-03T04:54:32","modified_gmt":"2026-09-03T04:54:32","slug":"gta-6-on-vous-invite-au-lancement-du-jeu","status":"publish","type":"post","link":"https:\/\/www.europesays.com\/ch-fr\/289113\/","title":{"rendered":"GTA 6, on vous invite au lancement du jeu"},"content":{"rendered":"<p>Enfin ! Apr\u00e8s des mois d\u2019attente, nous profitons du d\u00e9but du marketing de GTA 6 pour ouvrir la billetterie de ce qui sera, notre plus gros \u00e9v\u00e9nement. Pour rappel, il s\u2019agit ici d\u2019un \u00e9v\u00e9nement de lancement qui prendra place \u00e0 Gen\u00e8ve. Vous trouverez toutes les informations sur le site de l\u2019\u00e9v\u00e9nement.<\/p>\n<p><a href=\"https:\/\/gta6event.ch\/\" rel=\"nofollow noopener\" target=\"_blank\">GTA 6, le seul \u00e9v\u00e9nement de Suisse<\/a><\/p>\n<p><a href=\"https:\/\/i0.wp.com\/jvmag.ch\/wp-content\/uploads\/2025\/07\/gta6event_affiche_vfinale_variante2-1.jpeg?ssl=1\" rel=\"nofollow noopener\" target=\"_blank\"><img loading=\"lazy\" data-recalc-dims=\"1\" decoding=\"async\" width=\"724\" height=\"1024\" src=\"https:\/\/www.europesays.com\/ch-fr\/wp-content\/uploads\/2026\/09\/gta6event_affiche_vfinale_variante2-1.jpeg\" alt=\"GTA 6, on vous invite au lancement du jeu au travers de notre plus gros \u00e9v\u00e9nement\" class=\"wp-image-112229\"  \/><\/a><\/p>\n<p>Apr\u00e8s plusieurs semaines de pr\u00e9paration, il est enfin venu le moment de vous annoncer notre plus gros projet. Nous organisons une soir\u00e9e de lancement \u00e0 l\u2019occasion de la sortie de Grand Theft Auto VI. Vous \u00eates toutes et tous invit\u00e9s \u00e0 venir vivre un moment unique, dans un endroit totalement privatis\u00e9 pour l\u2019occasion. Les festivit\u00e9s d\u00e9buteront le 18 novembre prochain d\u00e8s 18h00, apr\u00e8s les diff\u00e9rentes activit\u00e9s, vous pourrez repartir d\u00e8s minuit avec votre copie de GTA 6.\u00a0<\/p>\n<p><a href=\"https:\/\/gta6event.ch\/\" rel=\"nofollow noopener\" target=\"_blank\">Site de l\u2019\u00e9v\u00e9nement GTA 6<\/a><\/p>\n<p>En ce qui concerne les activit\u00e9s, le cin\u00e9ma complet \u00e9tant r\u00e9serv\u00e9, vous pourrez d\u00e9couvrir ou red\u00e9couvrir toute la saga. L\u2019\u00e9quipe de KBird vous fera vivre une r\u00e9trospective compl\u00e8te avec chaque jeu tournant sur sa machine d\u2019origine !\u00a0\u00a0<\/p>\n<p>De nombreux invit\u00e9s seront de la partie avec pour but d\u2019\u00e9changer au sujet de notre passion commune et vous faire part de leur attrait pour GTA.\u00a0<\/p>\n<p><a href=\"https:\/\/i0.wp.com\/jvmag.ch\/wp-content\/uploads\/2025\/07\/test1-1-Grande.jpeg?ssl=1\" rel=\"nofollow noopener\" target=\"_blank\"><img data-recalc-dims=\"1\" loading=\"lazy\" decoding=\"async\" width=\"768\" height=\"356\" src=\"https:\/\/www.europesays.com\/ch-fr\/wp-content\/uploads\/2026\/09\/test1-1-Grande.jpeg\" alt=\"GTA 6, on vous invite au lancement du jeu au travers de notre plus gros \u00e9v\u00e9nement\" class=\"wp-image-86866\"  \/><\/a><\/p>\n<p>Cerise sur le g\u00e2teau, d\u2019anciens d\u00e9veloppeurs feront quelques interventions, que ce soit de mani\u00e8re physique ou distante, pour nous raconter quelques anecdotes sur les anciens jeux.\u00a0<\/p>\n<p>Comme annonc\u00e9 plus haut, d\u00e8s minuit, vous pourrez repartir avec votre copie du jeu. Au m\u00eame moment, nous pourrons diffuser le tout d\u00e9but du jeu sur grand \u00e9cran afin de terminer la soir\u00e9e en beaut\u00e9.\u00a0<\/p>\n<p><a href=\"https:\/\/i0.wp.com\/jvmag.ch\/wp-content\/uploads\/2025\/07\/maxresdefault-45-1024x576.jpg?ssl=1\" rel=\"nofollow noopener\" target=\"_blank\"><img data-recalc-dims=\"1\" loading=\"lazy\" decoding=\"async\" width=\"768\" height=\"432\" src=\"https:\/\/www.europesays.com\/ch-fr\/wp-content\/uploads\/2026\/09\/maxresdefault-45.jpg\" alt=\"GTA 6, on vous invite au lancement du jeu au travers de notre plus gros \u00e9v\u00e9nement\" class=\"wp-image-86867\"  \/><\/a><\/p>\n<p>Comme vous l\u2019avez vu et lu, nous avons d\u00e9di\u00e9 un site complet \u00e0 l\u2019\u00e9v\u00e9nement. C\u2019est \u00e0 cet endroit que vous pourrez retrouver toutes les informations n\u00e9cessaires, ainsi que la billetterie qui ouvrira \u00e0 la fin de l\u2019ann\u00e9e.\u00a0<\/p>\n<p>Notez encore que c\u2019est un \u00e9v\u00e9nement organis\u00e9 par nos soins, en collaboration avec <a href=\"https:\/\/www.kbird.ch\/\" rel=\"nofollow noopener\" target=\"_blank\">KBird<\/a>, <a href=\"https:\/\/www.arena.ch\/fr\/geneve\" rel=\"nofollow noopener\" target=\"_blank\">Cinema Arenas<\/a> et <a href=\"https:\/\/www.instagram.com\/logongamesvevey\/?hl=fr\" rel=\"nofollow noopener\" target=\"_blank\">Log On Games<\/a>.\u00a0<\/p>\n<p><a href=\"https:\/\/i0.wp.com\/jvmag.ch\/wp-content\/uploads\/2025\/07\/gta-vice-city-loading-screen.jpeg?ssl=1\" rel=\"nofollow noopener\" target=\"_blank\"><img data-recalc-dims=\"1\" loading=\"lazy\" decoding=\"async\" width=\"768\" height=\"384\" src=\"https:\/\/www.europesays.com\/ch-fr\/wp-content\/uploads\/2026\/09\/gta-vice-city-loading-screen.jpeg\" alt=\"\" class=\"wp-image-86868\"  \/><\/a><br \/>\n<script async src=\"\/\/www.instagram.com\/embed.js\"><\/script><\/p>\n","protected":false},"excerpt":{"rendered":"Enfin ! Apr\u00e8s des mois d\u2019attente, nous profitons du d\u00e9but du marketing de GTA 6 pour ouvrir la&hellip;\n","protected":false},"author":2,"featured_media":289114,"comment_status":"","ping_status":"","sticky":false,"template":"","format":"standard","meta":{"footnotes":"","_share_on_mastodon":"0"},"categories":[7],"tags":[11074,61,57,59,58,23,60,62],"class_list":["post-289113","post","type-post","status-publish","format-standard","has-post-thumbnail","category-sciences-et-technologies","tag-grand-theft-auto","tag-science","tag-science-and-technology","tag-sciences","tag-sciences-et-technologies","tag-suisse","tag-technologies","tag-technology"],"share_on_mastodon":{"url":"https:\/\/pubeurope.com\/@ch_fr\/117205327850652956","error":""},"_links":{"self":[{"href":"https:\/\/www.europesays.com\/ch-fr\/wp-json\/wp\/v2\/posts\/289113","targetHints":{"allow":["GET"]}}],"collection":[{"href":"https:\/\/www.europesays.com\/ch-fr\/wp-json\/wp\/v2\/posts"}],"about":[{"href":"https:\/\/www.europesays.com\/ch-fr\/wp-json\/wp\/v2\/types\/post"}],"author":[{"embeddable":true,"href":"https:\/\/www.europesays.com\/ch-fr\/wp-json\/wp\/v2\/users\/2"}],"replies":[{"embeddable":true,"href":"https:\/\/www.europesays.com\/ch-fr\/wp-json\/wp\/v2\/comments?post=289113"}],"version-history":[{"count":0,"href":"https:\/\/www.europesays.com\/ch-fr\/wp-json\/wp\/v2\/posts\/289113\/revisions"}],"wp:featuredmedia":[{"embeddable":true,"href":"https:\/\/www.europesays.com\/ch-fr\/wp-json\/wp\/v2\/media\/289114"}],"wp:attachment":[{"href":"https:\/\/www.europesays.com\/ch-fr\/wp-json\/wp\/v2\/media?parent=289113"}],"wp:term":[{"taxonomy":"category","embeddable":true,"href":"https:\/\/www.europesays.com\/ch-fr\/wp-json\/wp\/v2\/categories?post=289113"},{"taxonomy":"post_tag","embeddable":true,"href":"https:\/\/www.europesays.com\/ch-fr\/wp-json\/wp\/v2\/tags?post=289113"}],"curies":[{"name":"wp","href":"https:\/\/api.w.org\/{rel}","templated":true}]}}