{"id":289129,"date":"2026-09-03T05:14:11","date_gmt":"2026-09-03T05:14:11","guid":{"rendered":"https:\/\/www.europesays.com\/ch-fr\/289129\/"},"modified":"2026-09-03T05:14:11","modified_gmt":"2026-09-03T05:14:11","slug":"culture-ia-bientot-la-reconnaissance-faciale-dans-vos-lunettes-par-anthony-morel","status":"publish","type":"post","link":"https:\/\/www.europesays.com\/ch-fr\/289129\/","title":{"rendered":"Culture IA : Bient\u00f4t la reconnaissance faciale dans vos lunettes ?, par Anthony Morel"},"content":{"rendered":"<p>Culture IA : Bient\u00f4t la reconnaissance faciale dans vos lunettes ?, par Anthony Morel &#8211; 03\/09Sur le m\u00eame sujet<a href=\"https:\/\/www.bfmtv.com\/economie\/replay-emissions\/culture-geek\/video-culture-ia-bientot-la-reconnaissance-faciale-dans-vos-lunettes-par-anthony-morel-03-09_VN-202609030110.html\" title=\"Culture IA : Bient\u00f4t la reconnaissance faciale dans vos lunettes ?, par Anthony Morel - 03\/09\" rel=\"nofollow noopener\" target=\"_blank\"><img width=\"16\" height=\"9\" class=\"lozad\"  alt=\"Culture IA : Bient\u00f4t la reconnaissance faciale dans vos lunettes ?, par Anthony Morel - 03\/09\"\/>en lectureCulture IA : Bient\u00f4t la reconnaissance faciale dans vos lunettes ?, par Anthony Morel &#8211; 03\/09<\/a><a href=\"https:\/\/www.bfmtv.com\/economie\/replay-emissions\/culture-geek\/video-culture-ia-les-robots-aspirateurs-se-reinventent-avec-l-ia-par-anthony-morel-02-09_VN-202609020109.html\" title=\"Culture IA : Les robots aspirateurs se r\u00e9inventent avec l&#039;IA, par Anthony Morel - 02\/09\" rel=\"nofollow noopener\" target=\"_blank\"><img width=\"16\" height=\"9\" class=\"lozad\"  alt=\"Culture IA : Les robots aspirateurs se r\u00e9inventent avec l'IA, par Anthony Morel - 02\/09\"\/>5:03Culture IA : Les robots aspirateurs se r\u00e9inventent avec l&rsquo;IA, par Anthony Morel &#8211; 02\/09<\/a><a href=\"https:\/\/www.bfmtv.com\/economie\/replay-emissions\/culture-geek\/video-culture-ia-ia-a-l-ecole-comme-au-bureau-chasse-aux-tricheurs-par-anthony-morel-01-09_VN-202609010114.html\" title=\"Culture IA : IA, \u00e0 l&#039;\u00e9cole comme au bureau, chasse aux tricheurs, par Anthony Morel - 01\/09\" rel=\"nofollow noopener\" target=\"_blank\"><img width=\"16\" height=\"9\" class=\"lozad\"  alt=\"Culture IA : IA, \u00e0 l'\u00e9cole comme au bureau, chasse aux tricheurs, par Anthony Morel - 01\/09\"\/>4:40Culture IA : IA, \u00e0 l&rsquo;\u00e9cole comme au bureau, chasse aux tricheurs, par Anthony Morel &#8211; 01\/09<\/a><a href=\"https:\/\/www.bfmtv.com\/economie\/replay-emissions\/culture-geek\/video-culture-ia-portable-au-lycee-le-business-de-la-deconnexion-par-anthony-morel-31-08_VN-202608310127.html\" title=\"Culture IA : Portable au lyc\u00e9e, le business de la d\u00e9connexion, par Anthony Morel - 31\/08\" rel=\"nofollow noopener\" target=\"_blank\"><img width=\"16\" height=\"9\" class=\"lozad\"  alt=\"Culture IA : Portable au lyc\u00e9e, le business de la d\u00e9connexion, par Anthony Morel - 31\/08\"\/>4:48Culture IA : Portable au lyc\u00e9e, le business de la d\u00e9connexion, par Anthony Morel &#8211; 31\/08<\/a><a href=\"https:\/\/www.bfmtv.com\/economie\/replay-emissions\/culture-geek\/video-l-integrale-de-best-of-culture-ia-du-samedi-29-aout_VN-202608290432.html\" title=\"L&#039;int\u00e9grale de Best of Culture IA du samedi 29 ao\u00fbt\" rel=\"nofollow noopener\" target=\"_blank\"><img width=\"16\" height=\"9\" class=\"lozad\"  alt=\"L'int\u00e9grale de Best of Culture IA du samedi 29 ao\u00fbt\"\/>20:02L&rsquo;int\u00e9grale de Best of Culture IA du samedi 29 ao\u00fbt<\/a><a href=\"https:\/\/www.bfmtv.com\/economie\/replay-emissions\/culture-geek\/video-culture-ia-ia-cyberattaques-cri-d-alerte-des-geants-de-la-tech-par-anthony-morel-28-08_VN-202608280074.html\" title=\"Culture IA : IA &amp; cyberattaques, cri d&#039;alerte des g\u00e9ants de la tech, par Anthony Morel - 28\/08\" rel=\"nofollow noopener\" target=\"_blank\"><img width=\"16\" height=\"9\" class=\"lozad\"  alt=\"Culture IA : IA &amp; cyberattaques, cri d'alerte des g\u00e9ants de la tech, par Anthony Morel - 28\/08\"\/>4:14Culture IA : IA &amp; cyberattaques, cri d&rsquo;alerte des g\u00e9ants de la tech, par Anthony Morel &#8211; 28\/08<\/a><a href=\"https:\/\/www.bfmtv.com\/economie\/replay-emissions\/culture-geek\/video-culture-ia-ia-faut-il-reserver-des-metiers-aux-humains-par-anthony-morel-27-08_VN-202608270092.html\" title=\"Culture IA : IA, faut-il r\u00e9server des m\u00e9tiers aux humains ?, par Anthony Morel - 27\/08\" rel=\"nofollow noopener\" target=\"_blank\"><img width=\"16\" height=\"9\" class=\"lozad\"  alt=\"Culture IA : IA, faut-il r\u00e9server des m\u00e9tiers aux humains ?, par Anthony Morel - 27\/08\"\/>5:37Culture IA : IA, faut-il r\u00e9server des m\u00e9tiers aux humains ?, par Anthony Morel &#8211; 27\/08<\/a><a href=\"https:\/\/www.bfmtv.com\/economie\/replay-emissions\/culture-geek\/video-culture-ia-projet-panama-des-millions-de-livres-broyes-pour-l-ia-par-anthony-morel-26-08_VN-202608260071.html\" title=\"Culture IA : Projet Panama, des millions de livres broy\u00e9s pour l&#039;IA, par Anthony Morel - 26\/08\" rel=\"nofollow noopener\" target=\"_blank\"><img width=\"16\" height=\"9\" class=\"lozad\"  alt=\"Culture IA : Projet Panama, des millions de livres broy\u00e9s pour l'IA, par Anthony Morel - 26\/08\"\/>5:00Culture IA : Projet Panama, des millions de livres broy\u00e9s pour l&rsquo;IA, par Anthony Morel &#8211; 26\/08<\/a><a href=\"https:\/\/www.bfmtv.com\/economie\/replay-emissions\/culture-geek\/video-culture-ia-ia-pour-la-rentree-passez-a-la-vitesse-superieure-par-anthony-morel-25-08_VN-202608250080.html\" title=\"Culture IA : IA, pour la rentr\u00e9e, passez \u00e0 la vitesse sup\u00e9rieure ! par Anthony Morel - 25\/08\" rel=\"nofollow noopener\" target=\"_blank\"><img width=\"16\" height=\"9\" class=\"lozad\"  alt=\"Culture IA : IA, pour la rentr\u00e9e, passez \u00e0 la vitesse sup\u00e9rieure ! par Anthony Morel - 25\/08\"\/>4:34Culture IA : IA, pour la rentr\u00e9e, passez \u00e0 la vitesse sup\u00e9rieure ! par Anthony Morel &#8211; 25\/08<\/a><a href=\"https:\/\/www.bfmtv.com\/economie\/replay-emissions\/culture-geek\/video-culture-ia-en-chine-des-jeux-olympiques-pour-les-robots-par-anthony-morel-24-08_VN-202608240099.html\" title=\"Culture IA : En Chine, des Jeux olympiques... pour les robots, par Anthony Morel - 24\/08\" rel=\"nofollow noopener\" target=\"_blank\"><img width=\"16\" height=\"9\" class=\"lozad\"  alt=\"Culture IA : En Chine, des Jeux olympiques... pour les robots, par Anthony Morel - 24\/08\"\/>3:49Culture IA : En Chine, des Jeux olympiques&#8230; pour les robots, par Anthony Morel &#8211; 24\/08<\/a><a href=\"https:\/\/www.bfmtv.com\/economie\/replay-emissions\/culture-geek\/video-culture-ia-une-ia-bientot-a-la-tete-d-une-entreprise-par-lea-benaim-24-07_VN-202607240152.html\" title=\"Culture IA : Une IA bient\u00f4t \u00e0 la t\u00eate d&#039;une entreprise, par L\u00e9a Benaim - 24\/07\" rel=\"nofollow noopener\" target=\"_blank\"><img width=\"16\" height=\"9\" class=\"lozad\"  alt=\"Culture IA : Une IA bient\u00f4t \u00e0 la t\u00eate d'une entreprise, par L\u00e9a Benaim - 24\/07\"\/>3:33Culture IA : Une IA bient\u00f4t \u00e0 la t\u00eate d&rsquo;une entreprise, par L\u00e9a Benaim &#8211; 24\/07<\/a><a href=\"https:\/\/www.bfmtv.com\/economie\/replay-emissions\/culture-geek\/video-culture-ia-samsung-presente-ses-nouveaux-smartphones-pliants-par-lea-benaim-23-07_VN-202607230137.html\" title=\"Culture IA : Samsung pr\u00e9sente ses nouveaux smartphones pliants, par L\u00e9a Benaim - 23\/07\" rel=\"nofollow noopener\" target=\"_blank\"><img width=\"16\" height=\"9\" class=\"lozad\"  alt=\"Culture IA : Samsung pr\u00e9sente ses nouveaux smartphones pliants, par L\u00e9a Benaim - 23\/07\"\/>2:35Culture IA : Samsung pr\u00e9sente ses nouveaux smartphones pliants, par L\u00e9a Benaim &#8211; 23\/07<\/a><a href=\"https:\/\/www.bfmtv.com\/economie\/replay-emissions\/culture-geek\/video-culture-ia-uma-developpe-un-prototype-de-robot-humanoide-22-07_VN-202607220152.html\" title=\"Culture IA : UMA d\u00e9veloppe un prototype de robot humano\u00efde - 22\/07\" rel=\"nofollow noopener\" target=\"_blank\"><img width=\"16\" height=\"9\" class=\"lozad\"  alt=\"Culture IA : UMA d\u00e9veloppe un prototype de robot humano\u00efde - 22\/07\"\/>4:04Culture IA : UMA d\u00e9veloppe un prototype de robot humano\u00efde &#8211; 22\/07<\/a><a href=\"https:\/\/www.bfmtv.com\/economie\/replay-emissions\/culture-geek\/video-culture-ia-comment-les-reseaux-sociaux-traquent-les-videos-ia-par-lea-benaim-21-07_VN-202607210149.html\" title=\"Culture IA : Comment les r\u00e9seaux sociaux traquent les vid\u00e9os IA, par L\u00e9a Benaim - 21\/07\" rel=\"nofollow noopener\" target=\"_blank\"><img width=\"16\" height=\"9\" class=\"lozad\"  alt=\"Culture IA : Comment les r\u00e9seaux sociaux traquent les vid\u00e9os IA, par L\u00e9a Benaim - 21\/07\"\/>3:14Culture IA : Comment les r\u00e9seaux sociaux traquent les vid\u00e9os IA, par L\u00e9a Benaim &#8211; 21\/07<\/a><\/p>\n","protected":false},"excerpt":{"rendered":"Culture IA : Bient\u00f4t la reconnaissance faciale dans vos lunettes ?, par Anthony Morel &#8211; 03\/09Sur le m\u00eame&hellip;\n","protected":false},"author":2,"featured_media":289130,"comment_status":"","ping_status":"","sticky":false,"template":"","format":"standard","meta":{"footnotes":"","_share_on_mastodon":"0"},"categories":[7],"tags":[61,57,59,58,23,60,62],"class_list":["post-289129","post","type-post","status-publish","format-standard","has-post-thumbnail","category-sciences-et-technologies","tag-science","tag-science-and-technology","tag-sciences","tag-sciences-et-technologies","tag-suisse","tag-technologies","tag-technology"],"share_on_mastodon":{"url":"https:\/\/pubeurope.com\/@ch_fr\/117205406107245016","error":""},"_links":{"self":[{"href":"https:\/\/www.europesays.com\/ch-fr\/wp-json\/wp\/v2\/posts\/289129","targetHints":{"allow":["GET"]}}],"collection":[{"href":"https:\/\/www.europesays.com\/ch-fr\/wp-json\/wp\/v2\/posts"}],"about":[{"href":"https:\/\/www.europesays.com\/ch-fr\/wp-json\/wp\/v2\/types\/post"}],"author":[{"embeddable":true,"href":"https:\/\/www.europesays.com\/ch-fr\/wp-json\/wp\/v2\/users\/2"}],"replies":[{"embeddable":true,"href":"https:\/\/www.europesays.com\/ch-fr\/wp-json\/wp\/v2\/comments?post=289129"}],"version-history":[{"count":0,"href":"https:\/\/www.europesays.com\/ch-fr\/wp-json\/wp\/v2\/posts\/289129\/revisions"}],"wp:featuredmedia":[{"embeddable":true,"href":"https:\/\/www.europesays.com\/ch-fr\/wp-json\/wp\/v2\/media\/289130"}],"wp:attachment":[{"href":"https:\/\/www.europesays.com\/ch-fr\/wp-json\/wp\/v2\/media?parent=289129"}],"wp:term":[{"taxonomy":"category","embeddable":true,"href":"https:\/\/www.europesays.com\/ch-fr\/wp-json\/wp\/v2\/categories?post=289129"},{"taxonomy":"post_tag","embeddable":true,"href":"https:\/\/www.europesays.com\/ch-fr\/wp-json\/wp\/v2\/tags?post=289129"}],"curies":[{"name":"wp","href":"https:\/\/api.w.org\/{rel}","templated":true}]}}