{"id":289139,"date":"2026-09-03T05:22:14","date_gmt":"2026-09-03T05:22:14","guid":{"rendered":"https:\/\/www.europesays.com\/ch-fr\/289139\/"},"modified":"2026-09-03T05:22:14","modified_gmt":"2026-09-03T05:22:14","slug":"archeologie-geneve-devoile-2000-ans-dhistoire-sous-terre","status":"publish","type":"post","link":"https:\/\/www.europesays.com\/ch-fr\/289139\/","title":{"rendered":"Arch\u00e9ologie: Gen\u00e8ve d\u00e9voile 2000\u00a0ans d\u2019histoire sous terre"},"content":{"rendered":"\n<p> Abo       \u2013   <\/p>\n<p> \u00c0 Saint-Antoine, 2000\u00a0ans d\u2019histoire de Gen\u00e8ve se d\u00e9voilent au public <\/p>\n<p class=\"lead regular externalicon-big astro-odojtzmo\"> Apr\u00e8s des ann\u00e9es de travaux, le Site arch\u00e9ologique Saint-Antoine voit le jour \u00e0 l\u2019esplanade Th\u00e9odelinde. Il met en valeur des vestiges exceptionnels et se veut aussi un lieu connect\u00e9 avec le pr\u00e9sent.  <\/p>\n<p>   <img loading=\"lazy\" decoding=\"async\" src=\"https:\/\/www.europesays.com\/ch-fr\/wp-content\/uploads\/2026\/09\/1788412933_400_9-LxdX3vaBB9UoKhLd2iSA.jpg\"  width=\"100\" height=\"100\"  alt=\"Andrea Di Guardo\" class=\"AuthorImage -content-head authorimage astro-ivm7rlur astro-uymtm5hg\" style=\"background-color:#797979\"\/><img loading=\"lazy\" decoding=\"async\" src=\"https:\/\/www.europesays.com\/ch-fr\/wp-content\/uploads\/2026\/09\/1788412934_969_7FwVrJCWK959lqI9JnG_H0.jpg\"  width=\"100\" height=\"100\"  alt=\"Cathy Macherel\" class=\"AuthorImage -content-head authorimage astro-ivm7rlur astro-uymtm5hg\" style=\"background-color:#898989\"\/>         Publi\u00e9 aujourd\u2019hui \u00e0 06h39                            LinkedIn Lien copi\u00e9 Error occurred        Facebook Lien copi\u00e9 Error occurred        X Lien copi\u00e9 Error occurred           E-mail Lien copi\u00e9 Error occurred        Copier le lien Lien copi\u00e9 Error occurred              <\/p>\n","protected":false},"excerpt":{"rendered":"Abo \u2013 \u00c0 Saint-Antoine, 2000\u00a0ans d\u2019histoire de Gen\u00e8ve se d\u00e9voilent au public Apr\u00e8s des ann\u00e9es de travaux, le&hellip;\n","protected":false},"author":2,"featured_media":289140,"comment_status":"","ping_status":"","sticky":false,"template":"","format":"standard","meta":{"footnotes":"","_share_on_mastodon":"0"},"categories":[17],"tags":[11335,170,169,37,23],"class_list":["post-289139","post","type-post","status-publish","format-standard","has-post-thumbnail","category-geneve","tag-depth","tag-geneva","tag-geneve","tag-stats-seo","tag-suisse"],"share_on_mastodon":{"url":"https:\/\/pubeurope.com\/@ch_fr\/117205437684788894","error":""},"_links":{"self":[{"href":"https:\/\/www.europesays.com\/ch-fr\/wp-json\/wp\/v2\/posts\/289139","targetHints":{"allow":["GET"]}}],"collection":[{"href":"https:\/\/www.europesays.com\/ch-fr\/wp-json\/wp\/v2\/posts"}],"about":[{"href":"https:\/\/www.europesays.com\/ch-fr\/wp-json\/wp\/v2\/types\/post"}],"author":[{"embeddable":true,"href":"https:\/\/www.europesays.com\/ch-fr\/wp-json\/wp\/v2\/users\/2"}],"replies":[{"embeddable":true,"href":"https:\/\/www.europesays.com\/ch-fr\/wp-json\/wp\/v2\/comments?post=289139"}],"version-history":[{"count":0,"href":"https:\/\/www.europesays.com\/ch-fr\/wp-json\/wp\/v2\/posts\/289139\/revisions"}],"wp:featuredmedia":[{"embeddable":true,"href":"https:\/\/www.europesays.com\/ch-fr\/wp-json\/wp\/v2\/media\/289140"}],"wp:attachment":[{"href":"https:\/\/www.europesays.com\/ch-fr\/wp-json\/wp\/v2\/media?parent=289139"}],"wp:term":[{"taxonomy":"category","embeddable":true,"href":"https:\/\/www.europesays.com\/ch-fr\/wp-json\/wp\/v2\/categories?post=289139"},{"taxonomy":"post_tag","embeddable":true,"href":"https:\/\/www.europesays.com\/ch-fr\/wp-json\/wp\/v2\/tags?post=289139"}],"curies":[{"name":"wp","href":"https:\/\/api.w.org\/{rel}","templated":true}]}}