{"id":289159,"date":"2026-09-03T05:38:07","date_gmt":"2026-09-03T05:38:07","guid":{"rendered":"https:\/\/www.europesays.com\/ch-fr\/289159\/"},"modified":"2026-09-03T05:38:07","modified_gmt":"2026-09-03T05:38:07","slug":"agriculture-berne-veut-reduire-son-soutien-financier","status":"publish","type":"post","link":"https:\/\/www.europesays.com\/ch-fr\/289159\/","title":{"rendered":"Agriculture: Berne veut r\u00e9duire son soutien financier"},"content":{"rendered":"<p>Le Conseil f\u00e9d\u00e9ral veut allouer 13,8 milliards de francs \u00e0 l\u2019agriculture entre 2030 et 2033, soit 123 millions de moins qu\u2019en 2026-2029. Une consultation sur ce plan, incluant moins de bureaucratie, est ouverte jusqu\u2019au 8 d\u00e9cembre.<\/p>\n<p>Publi\u00e9: 02.09.2026 \u00e0 13:31 heures<\/p>\n<p>|<\/p>\n<p>Derni\u00e8re mise \u00e0 jour: 04:22 heures<\/p>\n<p><a target=\"_self\" class=\"Blink__StyledNextLink-sc-daa3c157-1 ClickableContainer__StyledBlink-sc-c392684d-0 ihtzjk\" rel=\"follow nofollow noopener\" href=\"https:\/\/www.blick.ch\/fr\/auteurs\/ats-agence-telegraphique-suisse-id19739987.html\"><img alt=\"sda-logo.jpeg\" loading=\"lazy\"\/><\/p>\n<p>ATS Agence t\u00e9l\u00e9graphique suisse<\/p>\n<p><\/a><\/p>\n<p>L&rsquo;agriculture devrait b\u00e9n\u00e9ficier de moins d&rsquo;argent de la Conf\u00e9d\u00e9ration. Les fonds pr\u00e9vus pour 2030 et 2033 seront 123 millions de francs en-dessous de l&rsquo;enveloppe 2026-2029. Le Conseil f\u00e9d\u00e9ral a mis en consultation mercredi son plan agricole pour les prochaines ann\u00e9es.<\/p>\n<p>Le Conseil f\u00e9d\u00e9ral a l&rsquo;intention de demander au Parlement d&rsquo;affecter 13,8 milliards de francs aux plafonds des d\u00e9penses agricoles pour les ann\u00e9es 2030 \u00e0 2033, \u00e9crit-il dans un communiqu\u00e9. \u00abLe soutien financier accord\u00e9 \u00e0 l&rsquo;agriculture sur cette p\u00e9riode sera donc inf\u00e9rieur de 123 millions de francs aux moyens pr\u00e9vus pour les ann\u00e9es 2026 \u00e0 2029\u00bb.<\/p>\n<p>Le gouvernement avait pr\u00e9sent\u00e9 en f\u00e9vrier les grandes lignes de sa politique agricole dite PA30+. Il n&rsquo;avait \u00e0 l&rsquo;\u00e9poque pas donn\u00e9 de chiffres pr\u00e9cis sur les montants allou\u00e9s au secteur, qui subit les changements climatiques de plein fouet.<\/p>\n<p>La strat\u00e9gie du Conseil f\u00e9d\u00e9ral se d\u00e9coupe en quatre parties. Elle pr\u00e9voit notamment d&rsquo;all\u00e9ger la charge administrative pour faciliter les paiements directs. La consultation court jusqu&rsquo;au 8 d\u00e9cembre.<\/p>\n","protected":false},"excerpt":{"rendered":"Le Conseil f\u00e9d\u00e9ral veut allouer 13,8 milliards de francs \u00e0 l\u2019agriculture entre 2030 et 2033, soit 123 millions&hellip;\n","protected":false},"author":2,"featured_media":289160,"comment_status":"","ping_status":"","sticky":false,"template":"","format":"standard","meta":{"footnotes":"","_share_on_mastodon":"0"},"categories":[20],"tags":[193,192,23],"class_list":["post-289159","post","type-post","status-publish","format-standard","has-post-thumbnail","category-berne","tag-bern","tag-berne","tag-suisse"],"share_on_mastodon":{"url":"https:\/\/pubeurope.com\/@ch_fr\/117205500071861401","error":""},"_links":{"self":[{"href":"https:\/\/www.europesays.com\/ch-fr\/wp-json\/wp\/v2\/posts\/289159","targetHints":{"allow":["GET"]}}],"collection":[{"href":"https:\/\/www.europesays.com\/ch-fr\/wp-json\/wp\/v2\/posts"}],"about":[{"href":"https:\/\/www.europesays.com\/ch-fr\/wp-json\/wp\/v2\/types\/post"}],"author":[{"embeddable":true,"href":"https:\/\/www.europesays.com\/ch-fr\/wp-json\/wp\/v2\/users\/2"}],"replies":[{"embeddable":true,"href":"https:\/\/www.europesays.com\/ch-fr\/wp-json\/wp\/v2\/comments?post=289159"}],"version-history":[{"count":0,"href":"https:\/\/www.europesays.com\/ch-fr\/wp-json\/wp\/v2\/posts\/289159\/revisions"}],"wp:featuredmedia":[{"embeddable":true,"href":"https:\/\/www.europesays.com\/ch-fr\/wp-json\/wp\/v2\/media\/289160"}],"wp:attachment":[{"href":"https:\/\/www.europesays.com\/ch-fr\/wp-json\/wp\/v2\/media?parent=289159"}],"wp:term":[{"taxonomy":"category","embeddable":true,"href":"https:\/\/www.europesays.com\/ch-fr\/wp-json\/wp\/v2\/categories?post=289159"},{"taxonomy":"post_tag","embeddable":true,"href":"https:\/\/www.europesays.com\/ch-fr\/wp-json\/wp\/v2\/tags?post=289159"}],"curies":[{"name":"wp","href":"https:\/\/api.w.org\/{rel}","templated":true}]}}