{"id":289161,"date":"2026-09-03T05:43:28","date_gmt":"2026-09-03T05:43:28","guid":{"rendered":"https:\/\/www.europesays.com\/ch-fr\/289161\/"},"modified":"2026-09-03T05:43:28","modified_gmt":"2026-09-03T05:43:28","slug":"exem-35-ans-daffiches-politiques-genevoises-exposees","status":"publish","type":"post","link":"https:\/\/www.europesays.com\/ch-fr\/289161\/","title":{"rendered":"Exem: 35\u00a0ans d\u2019affiches politiques genevoises expos\u00e9es"},"content":{"rendered":"\n<p> Abo       \u2013   <\/p>\n<p> En trente-cinq ans, Exem a marqu\u00e9 la d\u00e9mocratie directe de son trait percutant <\/p>\n<p class=\"lead regular externalicon-big astro-odojtzmo\"> Une exposition retrace trente-cinq ans d\u2019affichage politique sign\u00e9 Exem. Certaines affiches de votation ont durablement marqu\u00e9 les esprits.  <\/p>\n<p>   <img loading=\"lazy\" decoding=\"async\" src=\"https:\/\/www.europesays.com\/ch-fr\/wp-content\/uploads\/2026\/09\/1788414208_774_DEnfGCPhauu9dOrX7eN8Gp.jpg\"  width=\"100\" height=\"100\"  alt=\"Rachad Armanios\" class=\"AuthorImage -content-head authorimage astro-ivm7rlur astro-uymtm5hg\" style=\"background-color:#838383\"\/>         Publi\u00e9 aujourd\u2019hui \u00e0 07h33                            LinkedIn Lien copi\u00e9 Error occurred        Facebook Lien copi\u00e9 Error occurred        X Lien copi\u00e9 Error occurred           E-mail Lien copi\u00e9 Error occurred        Copier le lien Lien copi\u00e9 Error occurred              <\/p>\n","protected":false},"excerpt":{"rendered":"Abo \u2013 En trente-cinq ans, Exem a marqu\u00e9 la d\u00e9mocratie directe de son trait percutant Une exposition retrace&hellip;\n","protected":false},"author":2,"featured_media":289162,"comment_status":"","ping_status":"","sticky":false,"template":"","format":"standard","meta":{"footnotes":"","_share_on_mastodon":"0"},"categories":[17],"tags":[11335,170,169,37,23],"class_list":["post-289161","post","type-post","status-publish","format-standard","has-post-thumbnail","category-geneve","tag-depth","tag-geneva","tag-geneve","tag-stats-seo","tag-suisse"],"share_on_mastodon":{"url":"https:\/\/pubeurope.com\/@ch_fr\/117205520504517035","error":""},"_links":{"self":[{"href":"https:\/\/www.europesays.com\/ch-fr\/wp-json\/wp\/v2\/posts\/289161","targetHints":{"allow":["GET"]}}],"collection":[{"href":"https:\/\/www.europesays.com\/ch-fr\/wp-json\/wp\/v2\/posts"}],"about":[{"href":"https:\/\/www.europesays.com\/ch-fr\/wp-json\/wp\/v2\/types\/post"}],"author":[{"embeddable":true,"href":"https:\/\/www.europesays.com\/ch-fr\/wp-json\/wp\/v2\/users\/2"}],"replies":[{"embeddable":true,"href":"https:\/\/www.europesays.com\/ch-fr\/wp-json\/wp\/v2\/comments?post=289161"}],"version-history":[{"count":0,"href":"https:\/\/www.europesays.com\/ch-fr\/wp-json\/wp\/v2\/posts\/289161\/revisions"}],"wp:featuredmedia":[{"embeddable":true,"href":"https:\/\/www.europesays.com\/ch-fr\/wp-json\/wp\/v2\/media\/289162"}],"wp:attachment":[{"href":"https:\/\/www.europesays.com\/ch-fr\/wp-json\/wp\/v2\/media?parent=289161"}],"wp:term":[{"taxonomy":"category","embeddable":true,"href":"https:\/\/www.europesays.com\/ch-fr\/wp-json\/wp\/v2\/categories?post=289161"},{"taxonomy":"post_tag","embeddable":true,"href":"https:\/\/www.europesays.com\/ch-fr\/wp-json\/wp\/v2\/tags?post=289161"}],"curies":[{"name":"wp","href":"https:\/\/api.w.org\/{rel}","templated":true}]}}