{"id":289185,"date":"2026-09-03T05:59:24","date_gmt":"2026-09-03T05:59:24","guid":{"rendered":"https:\/\/www.europesays.com\/ch-fr\/289185\/"},"modified":"2026-09-03T05:59:24","modified_gmt":"2026-09-03T05:59:24","slug":"berne-veut-pres-de-16-millions-pour-lalarme-sur-portable-6","status":"publish","type":"post","link":"https:\/\/www.europesays.com\/ch-fr\/289185\/","title":{"rendered":"Berne veut pr\u00e8s de 16 millions pour l&rsquo;alarme sur portable"},"content":{"rendered":"<p>Le gouvernement veut pouvoir envoyer des alertes urgentes aussi sur les portables, en plus des sir\u00e8nes et messages radio. Le montant demand\u00e9 au Parlement doit financer le d\u00e9veloppement du syst\u00e8me et la mise en place de l&rsquo;infrastructure aupr\u00e8s des op\u00e9rateurs t\u00e9l\u00e9phoniques.<\/p>\n<p>Le Conseil f\u00e9d\u00e9ral acc\u00e9l\u00e8re le processus en demandant ce cr\u00e9dit d&rsquo;engagement dans un suppl\u00e9ment au budget 2026. Les co\u00fbts globaux pour la mise en place et l\u2019exploitation durant les ann\u00e9es 2027 \u00e0 2035 s\u2019\u00e9l\u00e8vent \u00e0 67,7 millions. Sur ces d\u00e9penses, 51,9 millions ne n\u00e9cessitent pas de cr\u00e9dit d\u2019engagement.<\/p>\n","protected":false},"excerpt":{"rendered":"Le gouvernement veut pouvoir envoyer des alertes urgentes aussi sur les portables, en plus des sir\u00e8nes et messages&hellip;\n","protected":false},"author":2,"featured_media":289186,"comment_status":"","ping_status":"","sticky":false,"template":"","format":"standard","meta":{"footnotes":"","_share_on_mastodon":"0"},"categories":[20],"tags":[193,192,23],"class_list":["post-289185","post","type-post","status-publish","format-standard","has-post-thumbnail","category-berne","tag-bern","tag-berne","tag-suisse"],"share_on_mastodon":{"url":"https:\/\/pubeurope.com\/@ch_fr\/117205582829809809","error":""},"_links":{"self":[{"href":"https:\/\/www.europesays.com\/ch-fr\/wp-json\/wp\/v2\/posts\/289185","targetHints":{"allow":["GET"]}}],"collection":[{"href":"https:\/\/www.europesays.com\/ch-fr\/wp-json\/wp\/v2\/posts"}],"about":[{"href":"https:\/\/www.europesays.com\/ch-fr\/wp-json\/wp\/v2\/types\/post"}],"author":[{"embeddable":true,"href":"https:\/\/www.europesays.com\/ch-fr\/wp-json\/wp\/v2\/users\/2"}],"replies":[{"embeddable":true,"href":"https:\/\/www.europesays.com\/ch-fr\/wp-json\/wp\/v2\/comments?post=289185"}],"version-history":[{"count":0,"href":"https:\/\/www.europesays.com\/ch-fr\/wp-json\/wp\/v2\/posts\/289185\/revisions"}],"wp:featuredmedia":[{"embeddable":true,"href":"https:\/\/www.europesays.com\/ch-fr\/wp-json\/wp\/v2\/media\/289186"}],"wp:attachment":[{"href":"https:\/\/www.europesays.com\/ch-fr\/wp-json\/wp\/v2\/media?parent=289185"}],"wp:term":[{"taxonomy":"category","embeddable":true,"href":"https:\/\/www.europesays.com\/ch-fr\/wp-json\/wp\/v2\/categories?post=289185"},{"taxonomy":"post_tag","embeddable":true,"href":"https:\/\/www.europesays.com\/ch-fr\/wp-json\/wp\/v2\/tags?post=289185"}],"curies":[{"name":"wp","href":"https:\/\/api.w.org\/{rel}","templated":true}]}}