{"id":289197,"date":"2026-09-03T06:16:11","date_gmt":"2026-09-03T06:16:11","guid":{"rendered":"https:\/\/www.europesays.com\/ch-fr\/289197\/"},"modified":"2026-09-03T06:16:11","modified_gmt":"2026-09-03T06:16:11","slug":"probleme-whatsapp-une-faille-expose-les-photos-de-la-galerie-frandroid","status":"publish","type":"post","link":"https:\/\/www.europesays.com\/ch-fr\/289197\/","title":{"rendered":"Probl\u00e8me WhatsApp : une faille expose les photos de la galerie \u2014 Frandroid"},"content":{"rendered":"<p>Si vous croyez que vos donn\u00e9es sont saines et sauves une fois votre t\u00e9l\u00e9phone verrouill\u00e9, WhatsApp a une mauvaise nouvelle pour vous. L\u2019application de messagerie peut laisser quiconque acc\u00e9der \u00e0 vos photos, m\u00eame sans conna\u00eetre votre code de d\u00e9verrouillage.<\/p>\n<p><a rel=\"noopener nofollow\" target=\"_blank\" href=\"https:\/\/images.frandroid.com\/wp-content\/uploads\/2026\/09\/whatsapp-logo-liquid-glass-11.jpg\" class=\"article-content__figure\"><img fetchpriority=\"high\" decoding=\"async\" loading=\"eager\" width=\"1200\" height=\"672\" src=\"https:\/\/www.europesays.com\/ch-fr\/wp-content\/uploads\/2026\/09\/whatsapp-logo-liquid-glass-11.jpg\" alt=\"\" class=\"wp-image-3231537 wp-image wp-image\"  \/><\/a>WhatsApp peut offrir un acc\u00e8s un peu trop facile \u00e0 vos photos \/\/ Cr\u00e9dit : Montage Frandroid<\/p>\n<p>Il n\u2019est pas toujours facile de g\u00e9rer intelligemment les autorisations d\u2019acc\u00e8s sur un t\u00e9l\u00e9phone. La preuve, m\u00eame une multinationale comme Meta n\u2019y arrive pas totalement. <a href=\"https:\/\/www.mobile-hacker.com\/2026\/09\/02\/whatsapp-lets-you-view-photos-without-unlocking-smartphone\/\" target=\"_blank\" rel=\"noreferrer noopener nofollow\">Comme l\u2019a remarqu\u00e9 le site Mobile Hacker<\/a>, une faille dans la version Android de WhatsApp permet \u00e0 quiconque ayant acc\u00e8s \u00e0 votre t\u00e9l\u00e9phone de consulter vos photos, m\u00eame si votre mobile est prot\u00e9g\u00e9 par un code ou un mot de passe.<\/p>\n<p>L\u2019entreprise a reconnu le probl\u00e8me et a promis un correctif pour bient\u00f4t. En attendant, il existe des moyens pour limiter la casse.<\/p>\n<p>                <img decoding=\"async\" width=\"1200\" height=\"446\" loading=\"lazy\" alt=\"box-bitdefender-2\" title=\"box-bitdefender-2\" class=\"is-radiusless placeholder-default wp-image\" src=\"https:\/\/www.europesays.com\/ch-fr\/wp-content\/uploads\/2026\/09\/1788416170_26_box-bitdefender-2-1200x446.png\" \/><img decoding=\"async\" width=\"1200\" height=\"446\" loading=\"lazy\" alt=\"box-bitdefender-2\" title=\"box-bitdefender-2\" class=\"is-radiusless placeholder-default wp-image\" src=\"https:\/\/www.europesays.com\/ch-fr\/wp-content\/uploads\/2026\/09\/1788416170_26_box-bitdefender-2-1200x446.png\" \/>            <\/p>\n<p>\n                    Une protection compl\u00e8te de votre vie num\u00e9rique.                <\/p>\n<p class=\"has-text-weight-medium is-size-6 is-line-height-normal\">\n                    Prot\u00e9gez votre vie num\u00e9rique et vos appareils contre les virus, arnaques, ransomwares et menaces en ligne avec Bitdefender, prim\u00e9 pour sa protection et compatible avec Windows, Mac, Android et iOS.                <\/p>\n<p>Une faille extr\u00eamement simple \u00e0 exploiter<\/p>\n<p>Le bug est \u00e9tonnamment simple \u00e0 exploiter et demande simplement d\u2019avoir un acc\u00e8s physique au t\u00e9l\u00e9phone vis\u00e9 et un autre mobile pour appeler le premier en visio. <\/p>\n<p>Une fois l\u2019appel d\u00e9croch\u00e9 sur le t\u00e9l\u00e9phone de la victime, il suffit d\u2019appuyer sur le petit bouton repr\u00e9sentant une baguette magique dans la fen\u00eatre r\u00e9serv\u00e9e au retour vid\u00e9o, de se rendre dans l\u2019onglet \u00ab Arri\u00e8re-plan \u00bb, puis de choisir l\u2019option permettant de choisir une photo en local (celle juste apr\u00e8s \u00ab flou \u00bb). De l\u00e0, appuyez sur le bouton \u00ab Cr\u00e9er avec l\u2019IA \u00bb, puis sur l\u2019entr\u00e9e \u00ab Modifier la photo \u00bb. Voil\u00e0, vous avez acc\u00e8s au s\u00e9lecteur de photos de WhatsApp listant tous les clich\u00e9s stock\u00e9s sur la m\u00e9moire du t\u00e9l\u00e9phone, sans m\u00eame avoir eu besoin de d\u00e9verrouiller ce dernier.<\/p>\n<p class=\"bottom-text\">                <a href=\"https:\/\/www.youtube.com\/shorts\/JCYoEdAG8CM\" target=\"_blank\" rel=\"nofollow noopener\">Lien YouTube<\/a>                                    <a href=\"https:\/\/www.youtube.com\/subscription_center?add_user=FrAndroidTube\" target=\"_blank\" rel=\"nofollow noopener\">S\u2019abonner \u00e0 Frandroid<\/a>                            <\/p>\n<p>                Ce contenu est bloqu\u00e9 car vous n\u2019avez pas accept\u00e9 les cookies et autres traceurs. Ce contenu est fourni par YouTube.<br \/>Pour pouvoir le visualiser, vous devez accepter l\u2019usage \u00e9tant op\u00e9r\u00e9 par YouTube avec vos donn\u00e9es qui pourront \u00eatre utilis\u00e9es pour les finalit\u00e9s suivantes : vous permettre de visualiser et de partager des contenus avec des m\u00e9dias sociaux, favoriser le d\u00e9veloppement et l\u2019am\u00e9lioration des produits d\u2019Humanoid et de ses partenaires, vous afficher des publicit\u00e9s personnalis\u00e9es par rapport \u00e0 votre profil et activit\u00e9, vous d\u00e9finir un profil publicitaire personnalis\u00e9, mesurer la performance des publicit\u00e9s et du contenu de ce site et mesurer l\u2019audience de ce site <a href=\"#\" class=\"js-privacy\" target=\"_blank\">(en savoir plus)<\/a>            <\/p>\n<p>                En cliquant sur \u00ab J\u2019accepte tout \u00bb, vous consentez aux finalit\u00e9s susmentionn\u00e9es pour l\u2019ensemble des cookies et autres traceurs d\u00e9pos\u00e9s par Humanoid et ses partenaires.            <\/p>\n<p>                Vous gardez la possibilit\u00e9 de retirer votre consentement \u00e0 tout moment. Pour plus d\u2019informations, nous vous invitons \u00e0 prendre connaissance de notre <a href=\"https:\/\/www.frandroid.com\/politique-cookies\" rel=\"nofollow noopener\" target=\"_blank\">Politique cookies<\/a>.            <\/p>\n<p>            J\u2019accepte tout        <\/p>\n<p class=\"embed-consent-overlay-manage-choices\">            G\u00e9rer mes choix        <\/p>\n<p>Si la manipulation para\u00eet fastidieuse \u00e0 l\u2019\u00e9crit, elle s\u2019effectue en r\u00e9alit\u00e9 en une poign\u00e9e de secondes dans les faits et ne demande aucune connaissance technique. En sachant o\u00f9 chercher, l\u2019exploitation de la faille est \u00e0 la port\u00e9e de n\u2019importe qui. Il faut certes avoir un acc\u00e8s physique au t\u00e9l\u00e9phone vis\u00e9, mais, dans le cas de personnes vivant sous le m\u00eame toit, cela n\u2019est gu\u00e8re un probl\u00e8me.<\/p>\n<p>Comment limiter l\u2019acc\u00e8s de WhatsApp \u00e0 vos photos<\/p>\n<p><a href=\"https:\/\/x.com\/WhatsApp\/status\/2095281070690246750\" target=\"_blank\" rel=\"noreferrer noopener nofollow\">Sur X<\/a>, le compte officiel de WhatsApp reconna\u00eet le probl\u00e8me et assure avoir commenc\u00e9 \u00e0 d\u00e9ployer un correctif. La firme se d\u00e9fend tout de m\u00eame en expliquant que ce bug est \u00ab limit\u00e9 aux rares cas o\u00f9 une personne a un acc\u00e8s physique \u00e0 l\u2019appareil d\u2019un autre utilisateur ou d\u2019une autre utilisatrice \u00bb en oubliant volontiers que c\u2019est notamment le cas de tr\u00e8s nombreux conjoints dans des relations abusives.<\/p>\n<p>Il existe tout de m\u00eame une astuce pour limiter la casse. En allant fouiller dans les autorisations WhatsApp (appli Param\u00e8tres, section \u00ab Applications \u00bb, entr\u00e9e \u00ab WhatsApp \u00bb puis \u00ab Autorisations \u00bb), il est possible de choisir l\u2019option \u00ab Autoriser un acc\u00e8s limit\u00e9 \u00bb dans la section \u00ab Autorisation acc\u00e8s Photos et vid\u00e9os \u00bb. Vous pourrez alors choisir quelles photos ou quels albums vous voulez rendre accessibles depuis WhatsApp.<\/p>\n<p><a rel=\"noopener nofollow\" target=\"_blank\" href=\"https:\/\/images.frandroid.com\/wp-content\/uploads\/2026\/09\/nouveau-projet1.jpg\" class=\"article-content__figure\"><img loading=\"lazy\" decoding=\"async\" width=\"1200\" height=\"535\" src=\"https:\/\/www.europesays.com\/ch-fr\/wp-content\/uploads\/2026\/09\/nouveau-projet1-1200x535.jpg\" alt=\"\" class=\"wp-image-3231545 wp-image\"  \/><\/a>La marche \u00e0 suivre pour \u00e9viter de donner l\u2019acc\u00e8s \u00e0 toutes vos photos sur WhatsApp \/\/ Cr\u00e9dit : Corentin B\u00e9chade pour Frandroid<\/p>\n<p>Attention, cela limite aussi l\u2019acc\u00e8s classique \u00e0 vos photos depuis une conversation tout ce qu\u2019il y a de plus l\u00e9gitime avec un t\u00e9l\u00e9phone d\u00e9verrouill\u00e9. Mais si vous craignez pour la s\u00e9curit\u00e9 de vos donn\u00e9es, c\u2019est un correctif simple \u00e0 appliquer avant que WhatsApp ne se d\u00e9cide \u00e0 d\u00e9ployer une mise \u00e0 jour salvatrice.<\/p>\n","protected":false},"excerpt":{"rendered":"Si vous croyez que vos donn\u00e9es sont saines et sauves une fois votre t\u00e9l\u00e9phone verrouill\u00e9, WhatsApp a une&hellip;\n","protected":false},"author":2,"featured_media":289198,"comment_status":"","ping_status":"","sticky":false,"template":"","format":"standard","meta":{"footnotes":"","_share_on_mastodon":"0"},"categories":[7],"tags":[2316,18592,61,57,59,58,23,60,62],"class_list":["post-289197","post","type-post","status-publish","format-standard","has-post-thumbnail","category-sciences-et-technologies","tag-donnees-personnelles","tag-faille-de-securite","tag-science","tag-science-and-technology","tag-sciences","tag-sciences-et-technologies","tag-suisse","tag-technologies","tag-technology"],"share_on_mastodon":{"url":"https:\/\/pubeurope.com\/@ch_fr\/117205649952877774","error":""},"_links":{"self":[{"href":"https:\/\/www.europesays.com\/ch-fr\/wp-json\/wp\/v2\/posts\/289197","targetHints":{"allow":["GET"]}}],"collection":[{"href":"https:\/\/www.europesays.com\/ch-fr\/wp-json\/wp\/v2\/posts"}],"about":[{"href":"https:\/\/www.europesays.com\/ch-fr\/wp-json\/wp\/v2\/types\/post"}],"author":[{"embeddable":true,"href":"https:\/\/www.europesays.com\/ch-fr\/wp-json\/wp\/v2\/users\/2"}],"replies":[{"embeddable":true,"href":"https:\/\/www.europesays.com\/ch-fr\/wp-json\/wp\/v2\/comments?post=289197"}],"version-history":[{"count":0,"href":"https:\/\/www.europesays.com\/ch-fr\/wp-json\/wp\/v2\/posts\/289197\/revisions"}],"wp:featuredmedia":[{"embeddable":true,"href":"https:\/\/www.europesays.com\/ch-fr\/wp-json\/wp\/v2\/media\/289198"}],"wp:attachment":[{"href":"https:\/\/www.europesays.com\/ch-fr\/wp-json\/wp\/v2\/media?parent=289197"}],"wp:term":[{"taxonomy":"category","embeddable":true,"href":"https:\/\/www.europesays.com\/ch-fr\/wp-json\/wp\/v2\/categories?post=289197"},{"taxonomy":"post_tag","embeddable":true,"href":"https:\/\/www.europesays.com\/ch-fr\/wp-json\/wp\/v2\/tags?post=289197"}],"curies":[{"name":"wp","href":"https:\/\/api.w.org\/{rel}","templated":true}]}}