{"id":289215,"date":"2026-09-03T06:36:26","date_gmt":"2026-09-03T06:36:26","guid":{"rendered":"https:\/\/www.europesays.com\/ch-fr\/289215\/"},"modified":"2026-09-03T06:36:26","modified_gmt":"2026-09-03T06:36:26","slug":"manivelle-la-bibliotheque-dobjets-fete-ses-100000-emprunts","status":"publish","type":"post","link":"https:\/\/www.europesays.com\/ch-fr\/289215\/","title":{"rendered":"Manivelle: la biblioth\u00e8que d\u2019objets f\u00eate ses 100\u2019000 emprunts"},"content":{"rendered":"<p>L\u2019antenne principale de la Manivelle se situe aux Charmilles, dans le b\u00e2timent de la MACO. \u00abLa boule \u00e0 facettes est de plus en plus emprunt\u00e9e ces derni\u00e8res ann\u00e9es, tout comme le mat\u00e9riel de f\u00eate. Certains nous contactent m\u00eame pour la d\u00e9coration et l\u2019animation sonore de leur mariage\u00bb, commente Julien Diebolt, qui v\u00e9rifie les r\u00e9servations.<\/p>\n<p>LAURENT GUIRAUD<\/p>\n","protected":false},"excerpt":{"rendered":"L\u2019antenne principale de la Manivelle se situe aux Charmilles, dans le b\u00e2timent de la MACO. \u00abLa boule \u00e0&hellip;\n","protected":false},"author":2,"featured_media":289216,"comment_status":"","ping_status":"","sticky":false,"template":"","format":"standard","meta":{"footnotes":"","_share_on_mastodon":"0"},"categories":[6],"tags":[45,44,43,171,6287,37,23],"class_list":["post-289215","post","type-post","status-publish","format-standard","has-post-thumbnail","category-economie","tag-business","tag-economie","tag-economy","tag-municipality-geneve","tag-service","tag-stats-seo","tag-suisse"],"share_on_mastodon":{"url":"https:\/\/pubeurope.com\/@ch_fr\/117205728460105224","error":""},"_links":{"self":[{"href":"https:\/\/www.europesays.com\/ch-fr\/wp-json\/wp\/v2\/posts\/289215","targetHints":{"allow":["GET"]}}],"collection":[{"href":"https:\/\/www.europesays.com\/ch-fr\/wp-json\/wp\/v2\/posts"}],"about":[{"href":"https:\/\/www.europesays.com\/ch-fr\/wp-json\/wp\/v2\/types\/post"}],"author":[{"embeddable":true,"href":"https:\/\/www.europesays.com\/ch-fr\/wp-json\/wp\/v2\/users\/2"}],"replies":[{"embeddable":true,"href":"https:\/\/www.europesays.com\/ch-fr\/wp-json\/wp\/v2\/comments?post=289215"}],"version-history":[{"count":0,"href":"https:\/\/www.europesays.com\/ch-fr\/wp-json\/wp\/v2\/posts\/289215\/revisions"}],"wp:featuredmedia":[{"embeddable":true,"href":"https:\/\/www.europesays.com\/ch-fr\/wp-json\/wp\/v2\/media\/289216"}],"wp:attachment":[{"href":"https:\/\/www.europesays.com\/ch-fr\/wp-json\/wp\/v2\/media?parent=289215"}],"wp:term":[{"taxonomy":"category","embeddable":true,"href":"https:\/\/www.europesays.com\/ch-fr\/wp-json\/wp\/v2\/categories?post=289215"},{"taxonomy":"post_tag","embeddable":true,"href":"https:\/\/www.europesays.com\/ch-fr\/wp-json\/wp\/v2\/tags?post=289215"}],"curies":[{"name":"wp","href":"https:\/\/api.w.org\/{rel}","templated":true}]}}